[{"@context":"https:\/\/schema.org\/","@type":"Article","@id":"https:\/\/www.moreel.cz\/zenske-priority\/#Article","mainEntityOfPage":"https:\/\/www.moreel.cz\/zenske-priority\/","headline":"\u017densk\u00e9 priority","name":"\u017densk\u00e9 priority","description":"A te\u010f jsem opravdu r\u00e1da, \u017ee jsem \u017eena, proto\u017ee jsem si \u0159ekla, kdybych byla mu\u017e, \u017ee bych t\u0159eba nem\u011bla takov\u00e9 priority, jako kdy\u017e jsem \u017eena, proto\u017ee t\u0159eba kdy\u017e jdeme s partnerem n\u011bkam na ve\u010de\u0159i, tak mi kr\u00e1sn\u011b podr\u017e\u00ed dve\u0159e. Jenom\u017ee n\u011bkter\u00fdm \u017een\u00e1m se tohle v\u016fbec nel\u00edb\u00ed. N\u011bkter\u00e9 \u017eeny jsou opravdu siln\u00e9. Feministky a necht\u011bj\u00ed, aby [&hellip;]","datePublished":"2024-09-30","dateModified":"2024-09-30","author":{"@type":"Person","@id":"https:\/\/www.moreel.cz\/author\/#Person","name":"","url":"https:\/\/www.moreel.cz\/author\/","identifier":1,"image":{"@type":"ImageObject","@id":"https:\/\/secure.gravatar.com\/avatar\/13dbcc20b7c05fcb5c4a6b0bee5a7107a0aae9238a83a4088a42d170780b2eca?s=96&d=mm&r=g","url":"https:\/\/secure.gravatar.com\/avatar\/13dbcc20b7c05fcb5c4a6b0bee5a7107a0aae9238a83a4088a42d170780b2eca?s=96&d=mm&r=g","height":96,"width":96}},"publisher":{"@type":"Organization","name":"moreel.cz","logo":{"@type":"ImageObject","@id":"\/logo.png","url":"\/logo.png","width":600,"height":60}},"image":{"@type":"ImageObject","@id":"https:\/\/www.moreel.cz\/wp-content\/uploads\/woman-2333326_1280_4.jpg","url":"https:\/\/www.moreel.cz\/wp-content\/uploads\/woman-2333326_1280_4.jpg","height":0,"width":0},"url":"https:\/\/www.moreel.cz\/zenske-priority\/","about":["\u017dena"],"wordCount":437,"articleBody":"A te\u010f jsem opravdu r\u00e1da, \u017ee jsem \u017eena, proto\u017ee jsem si \u0159ekla, kdybych byla mu\u017e, \u017ee bych t\u0159eba nem\u011bla takov\u00e9 priority, jako kdy\u017e jsem \u017eena, proto\u017ee t\u0159eba kdy\u017e jdeme s partnerem n\u011bkam na ve\u010de\u0159i, tak mi kr\u00e1sn\u011b podr\u017e\u00ed dve\u0159e. Jenom\u017ee n\u011bkter\u00fdm \u017een\u00e1m se tohle v\u016fbec nel\u00edb\u00ed. N\u011bkter\u00e9 \u017eeny jsou opravdu siln\u00e9. Feministky a necht\u011bj\u00ed, aby jim p\u00e1nov\u00e9 jako d\u017eentlmeni otev\u00edraly dve\u0159e. M\u011b by se tohle v\u016fbec nel\u00edbilo. J\u00e1 m\u00e1m toti\u017e r\u00e1da, kdy\u017e jsem \u00fapln\u00e1 \u017eena. J\u00e1 toti\u017e nejsem v\u016fbec \u017e\u00e1dn\u00e1\u00a0feministka. A chci, aby mi m\u016fj partner otev\u00edral dve\u0159e a tak\u00e9 aby t\u0159eba ob\u010das za m\u011b zaplatil ve\u010de\u0159i anebo n\u011bjak\u00fd ten drink n\u011bkde v baru.My se s partnerem st\u0159\u00edd\u00e1me t\u0159eba nap\u0159\u00edklad v placen\u00ed. Benzin kupuje tedy z\u00e1sadn\u011b pouze partner a j\u00e1 plat\u00edm energie. V\u016fbec na tom nevid\u00edm nic \u0161patn\u00e9ho. Nav\u00edc by se mi tak\u00e9 nel\u00edbilo, kdyby t\u0159eba m\u016fj partner um\u00fdval n\u00e1dob\u00ed anebo podlahu. V tomhle jsem asi opravdu hodn\u011b zastaral\u00e1. V\u016fbec nevyzn\u00e1v\u00e1m takov\u00e9 ty v\u011bci, jako \u017ee by ka\u017ed\u00fd p\u00e1r m\u011bl to m\u00edt doma \u00fapln\u011b na sto procent\u00a0v\u0161echno rozd\u011blen\u00e9 anebo t\u0159eba d\u011blali v\u0161echno spole\u010dn\u011b. Podle m\u00e9ho n\u00e1zoru zdrav\u00e1 zlat\u00e1 st\u0159edn\u00ed cesta je nejlep\u0161\u00ed. J\u00e1 nev\u00edm jak vy, ale jsem r\u00e1da, \u017ee m\u00e1m partnera, kter\u00fd je opravdu velik\u00fd gentleman, proto\u017ee bych necht\u011bla partnera, kter\u00fd jenom sed\u00ed doma a nic ned\u011bl\u00e1m. Nem\u00e1m tak\u00e9 r\u00e1da takov\u00e9 mu\u017ee, kte\u0159\u00ed o sebe opravdu p\u0159ehnan\u011b pe\u010duj\u00ed a kte\u0159\u00ed jsou t\u0159eba u zrcadla o mnoho hodin d\u00e9le, ne\u017e t\u0159eba j\u00e1 je nap\u0159\u00edklad ka\u017ed\u00e9 r\u00e1no. Sta\u010d\u00ed b\u00fdt u zrcadla tak dvacet\u00a0minut. Potom jsem \u00fapln\u011b hotov\u00e1, ale zn\u00e1m n\u011bkter\u00e9 \u017eeny, kter\u00e9 jsou t\u0159eba u zrcadla i dv\u011b\u00a0hodiny ka\u017ed\u00fd den nev\u00edm jak vy, ale m\u011b by nebavilo vst\u00e1vat brzo jenom kv\u016fli tomu, abych si t\u0159eba nato\u010dila nebo umyla vlasy a podobn\u011b. U m\u011b sta\u010d\u00ed, kdy\u017e si d\u00e1m na sebe lehk\u00fd make-up a lehce se u\u010de\u0161u uprav\u00edm si vlasy nebo si d\u00e1m cul\u00edk a tak podobn\u011b.\u00a0Podle m\u00e9ho n\u00e1zoru bude prima, kdy\u017e i vy si uv\u011bdom\u00edte, jak\u00e9 m\u00e1te priority my \u017eeny m\u00e1me opravdu mnoho priorit.\u00a0                                                                                                                                                                                                                                                                                                                                                                                                "},{"@context":"https:\/\/schema.org\/","@type":"BreadcrumbList","itemListElement":[{"@type":"ListItem","position":1,"name":"\u017densk\u00e9 priority","item":"https:\/\/www.moreel.cz\/zenske-priority\/#breadcrumbitem"}]}]