[{"@context":"https:\/\/schema.org\/","@type":"Article","@id":"https:\/\/www.moreel.cz\/zateplovani-fasady-s-pronajatym-lesenim\/#Article","mainEntityOfPage":"https:\/\/www.moreel.cz\/zateplovani-fasady-s-pronajatym-lesenim\/","headline":"Zateplov\u00e1n\u00ed fas\u00e1dy s pronajat\u00fdm le\u0161en\u00edm","name":"Zateplov\u00e1n\u00ed fas\u00e1dy s pronajat\u00fdm le\u0161en\u00edm","description":"Dohodli jste se s dal\u0161\u00edmi majiteli bytov\u00e9ho domu na tom, \u017ee si zatepl\u00edte domovn\u00ed fas\u00e1du sami? Jestli\u017ee n\u011bkdo z v\u00e1s se v tomto oboru pohybuje, m\u00e1 pat\u0159i\u010dn\u00e9 vzd\u011bl\u00e1n\u00ed, znalosti a zku\u0161enosti, pak by to nem\u011bl b\u00fdt probl\u00e9m. V na\u0161\u00ed zemi je mnoho \u0161ikovn\u00fdch kutil\u016f, kte\u0159\u00ed zvl\u00e1daj\u00ed prov\u00e1d\u011bt stavebn\u00ed \u010dinnosti sv\u00e9pomoc\u00ed, prokazuje to i zna\u010dn\u00fd z\u00e1jem [&hellip;]","datePublished":"2024-10-18","dateModified":"2024-10-18","author":{"@type":"Person","@id":"https:\/\/www.moreel.cz\/author\/#Person","name":"","url":"https:\/\/www.moreel.cz\/author\/","identifier":1,"image":{"@type":"ImageObject","@id":"https:\/\/secure.gravatar.com\/avatar\/13dbcc20b7c05fcb5c4a6b0bee5a7107a0aae9238a83a4088a42d170780b2eca?s=96&d=mm&r=g","url":"https:\/\/secure.gravatar.com\/avatar\/13dbcc20b7c05fcb5c4a6b0bee5a7107a0aae9238a83a4088a42d170780b2eca?s=96&d=mm&r=g","height":96,"width":96}},"publisher":{"@type":"Organization","name":"moreel.cz","logo":{"@type":"ImageObject","@id":"\/logo.png","url":"\/logo.png","width":600,"height":60}},"image":{"@type":"ImageObject","@id":"https:\/\/www.moreel.cz\/wp-content\/uploads\/scaffolding-3679463_640_1.jpg","url":"https:\/\/www.moreel.cz\/wp-content\/uploads\/scaffolding-3679463_640_1.jpg","height":0,"width":0},"url":"https:\/\/www.moreel.cz\/zateplovani-fasady-s-pronajatym-lesenim\/","about":["Podnik\u00e1n\u00ed"],"wordCount":422,"articleBody":"      Dohodli jste se s dal\u0161\u00edmi majiteli bytov\u00e9ho domu na tom, \u017ee si zatepl\u00edte domovn\u00ed fas\u00e1du sami? Jestli\u017ee n\u011bkdo z v\u00e1s se v tomto oboru pohybuje, m\u00e1 pat\u0159i\u010dn\u00e9 vzd\u011bl\u00e1n\u00ed, znalosti a zku\u0161enosti, pak by to nem\u011bl b\u00fdt probl\u00e9m. V na\u0161\u00ed zemi je mnoho \u0161ikovn\u00fdch kutil\u016f, kte\u0159\u00ed zvl\u00e1daj\u00ed prov\u00e1d\u011bt stavebn\u00ed \u010dinnosti sv\u00e9pomoc\u00ed, prokazuje to i zna\u010dn\u00fd z\u00e1jem o prodej zbo\u017e\u00ed v tomto sortimentu v hobby marketech. K zateplov\u00e1n\u00ed fas\u00e1dy bytov\u00e9ho domu budete pot\u0159ebovat le\u0161en\u00ed. Je velmi pravd\u011bpodobn\u00e9, \u017ee si jej budete pouze pronaj\u00edmat, pokud se nechcete touto prac\u00ed p\u0159\u00edmo \u017eivit, cena p\u016fj\u010den\u00ed le\u0161en\u00ed je v\u00fdhodn\u00e1 slu\u017eba pro ka\u017ed\u00e9ho, kdo podnik\u00e1 jednor\u00e1zovou akci, a kdo nem\u00e1 z\u00e1jem le\u0161en\u00ed vyu\u017e\u00edvat \u010dast\u011bji i pro jin\u00e9 akce. Ot\u00e1zkou v\u0161ak z\u016fst\u00e1v\u00e1, kdo v\u00e1m pronajat\u00e9 le\u0161en\u00ed postav\u00ed.M\u016f\u017eete to prov\u00e9st sami vlastn\u00edmi silami, ov\u0161em je tu jist\u00e9 riziko, a o n\u011bm byste m\u011bli b\u00fdt informov\u00e1ni.P\u00e1dy osob z le\u0161en\u00ed \u2013 uv\u011bdomte si, \u017ee le\u0161en\u00ed je kovov\u00e1 konstrukce, v mnoha p\u0159\u00edpadech zasahuj\u00edc\u00ed do velk\u00e9 v\u00fd\u0161ky n\u011bkolika pater. Jestli\u017ee se n\u011bkdo z le\u0161en\u00ed z\u0159\u00edt\u00ed, by\u0165 jen z prvn\u00edho patra, m\u016f\u017ee utrp\u011bt smrteln\u00fd \u00faraz. P\u00e1d\u016f z le\u0161en\u00ed je zaznamen\u00e1na cel\u00e1 \u0159ada a do\u010dtete se o nich na Internetu. K p\u00e1du z le\u0161en\u00ed m\u016f\u017ee doj\u00edt i p\u0159i jeho v\u00fdstavb\u011b, nap\u0159\u00edklad ve chv\u00edli, kdy pracovn\u00edk klade na horn\u00ed patro ochrann\u00e9 z\u00e1bradl\u00ed &#8211; tehdy nen\u00ed ni\u010d\u00edm ji\u0161t\u011bn a sta\u010d\u00ed drobn\u00e9 zav\u00e1h\u00e1n\u00ed, a p\u00e1d je v takov\u00e9 chv\u00edli neodvratn\u00fd.P\u00e1dy samotn\u00e9ho le\u0161en\u00ed \u2013 i samotn\u00e9 le\u0161en\u00ed se m\u016f\u017ee z\u0159\u00edtit, st\u00e1v\u00e1 se to tehdy, jestli\u017ee jej zapomenete ukotvit do zdiva, nebo je kotven\u00ed \u0161patn\u011b proveden\u00e9. Le\u0161en\u00ed se tak\u00e9 nesm\u00ed stav\u011bt na vratk\u00e9m a m\u011bkk\u00e9m povrchu, nap\u0159\u00edklad na p\u00edsku nebo v rozbahn\u011bn\u00e9m a podm\u00e1\u010den\u00e9m ter\u00e9nu. Jestli\u017ee si nech\u00e1te le\u0161en\u00ed postavit firmou, kter\u00e1 jej pronaj\u00edm\u00e1, m\u00e1te jistotu, \u017ee bude pro v\u00e1s a va\u0161e pracovn\u00edky bezpe\u010dn\u00e9, a dostate\u010dn\u011b zaji\u0161t\u011bn\u00e9 proti samovoln\u00e9mu naklon\u011bn\u00ed a n\u00e1sledn\u00e9mu z\u0159\u00edcen\u00ed.                                                                                                                                                                                                                                                                                                                                                                                                  "},{"@context":"https:\/\/schema.org\/","@type":"BreadcrumbList","itemListElement":[{"@type":"ListItem","position":1,"name":"Zateplov\u00e1n\u00ed fas\u00e1dy s pronajat\u00fdm le\u0161en\u00edm","item":"https:\/\/www.moreel.cz\/zateplovani-fasady-s-pronajatym-lesenim\/#breadcrumbitem"}]}]