[{"@context":"https:\/\/schema.org\/","@type":"Article","@id":"https:\/\/www.moreel.cz\/stehovani-handicapovanych-osob\/#Article","mainEntityOfPage":"https:\/\/www.moreel.cz\/stehovani-handicapovanych-osob\/","headline":"St\u011bhov\u00e1n\u00ed handicapovan\u00fdch osob","name":"St\u011bhov\u00e1n\u00ed handicapovan\u00fdch osob","description":"Chyst\u00e1te se st\u011bhovat handicapovan\u00e9 osoby, upoutan\u00e9 na invalidn\u00ed voz\u00edk, a jste jej\u00edm opatrovn\u00edkem? A nem\u00e1te p\u0159itom p\u0159i ruce nikoho dal\u0161\u00edho, kdo by v\u00e1m se st\u011bhov\u00e1n\u00edm, a zejm\u00e9na s p\u0159\u00edpravn\u00fdmi pracemi pomohl? Jak\u00fdch z\u00e1sad se dr\u017eet, aby st\u011bhovac\u00ed proces prob\u011bhl zd\u00e1rn\u011b a bez stresov\u00fdch situac\u00ed? Za\u010dn\u011bte s p\u0159\u00edpravami v\u010das \u2013 kdy\u017e se st\u011bhuj\u00ed dva zdrav\u00ed mlad\u00ed [&hellip;]","datePublished":"2024-01-08","dateModified":"2024-02-09","author":{"@type":"Person","@id":"https:\/\/www.moreel.cz\/author\/#Person","name":"","url":"https:\/\/www.moreel.cz\/author\/","identifier":1,"image":{"@type":"ImageObject","@id":"https:\/\/secure.gravatar.com\/avatar\/13dbcc20b7c05fcb5c4a6b0bee5a7107a0aae9238a83a4088a42d170780b2eca?s=96&d=mm&r=g","url":"https:\/\/secure.gravatar.com\/avatar\/13dbcc20b7c05fcb5c4a6b0bee5a7107a0aae9238a83a4088a42d170780b2eca?s=96&d=mm&r=g","height":96,"width":96}},"publisher":{"@type":"Organization","name":"moreel.cz","logo":{"@type":"ImageObject","@id":"\/logo.png","url":"\/logo.png","width":600,"height":60}},"image":{"@type":"ImageObject","@id":"https:\/\/www.moreel.cz\/wp-content\/uploads\/disabled-4027745_640_1.jpg","url":"https:\/\/www.moreel.cz\/wp-content\/uploads\/disabled-4027745_640_1.jpg","height":0,"width":0},"url":"https:\/\/www.moreel.cz\/stehovani-handicapovanych-osob\/","about":["Podnik\u00e1n\u00ed"],"wordCount":422,"articleBody":"   Chyst\u00e1te se st\u011bhovat handicapovan\u00e9 osoby, upoutan\u00e9 na invalidn\u00ed voz\u00edk, a jste jej\u00edm opatrovn\u00edkem? A nem\u00e1te p\u0159itom p\u0159i ruce nikoho dal\u0161\u00edho, kdo by v\u00e1m se st\u011bhov\u00e1n\u00edm, a zejm\u00e9na s p\u0159\u00edpravn\u00fdmi pracemi pomohl? Jak\u00fdch z\u00e1sad se dr\u017eet, aby st\u011bhovac\u00ed proces prob\u011bhl zd\u00e1rn\u011b a bez stresov\u00fdch situac\u00ed?Za\u010dn\u011bte s p\u0159\u00edpravami v\u010das \u2013 kdy\u017e se st\u011bhuj\u00ed dva zdrav\u00ed mlad\u00ed lid\u00e9, nap\u0159\u00edklad z bytu do bytu v jednom m\u011bst\u011b, posta\u010d\u00ed jim na p\u0159\u00edpravn\u00e9 pr\u00e1ce t\u0159eba jen \u010dtrn\u00e1ct dn\u016f nebo t\u00fdden. St\u011bhovac\u00ed firma pak zajist\u00ed pouze p\u0159evoz v\u011bc\u00ed. St\u011bhov\u00e1n\u00ed handicapovan\u00e9ho \u010dlov\u011bka ale m\u016f\u017ee b\u00fdt mnohem n\u00e1ro\u010dn\u011bj\u0161\u00ed. V prvn\u00ed \u0159ad\u011b budete na balen\u00ed v\u011bc\u00ed s\u00e1m nebo sama, co\u017e v\u00e1m zabere mnohem v\u00edce \u010dasu. D\u00e1le bude z\u0159ejm\u011b zapot\u0159eb\u00ed rozebrat n\u00e1bytek, a pokud si s t\u00edm neporad\u00edte, lze t\u00edmto \u00fakolem pov\u011b\u0159it st\u011bhovac\u00ed firmu. Vzhledem k v\u011bt\u0161\u00ed \u010dasov\u00e9 n\u00e1ro\u010dnosti se pak vyplat\u00ed objedn\u00e1vat st\u011bhov\u00e1ky alespo\u0148 p\u011bt t\u00fddn\u016f p\u0159edemAkce na kl\u00ed\u010d \u2013 n\u011bkdy se vyplat\u00ed domluvit se st\u011bhovac\u00ed firmou st\u011bhov\u00e1n\u00ed na kl\u00ed\u010d. Nemus\u00edte pak zaji\u0161\u0165ovat ani balen\u00ed v\u011bc\u00ed, ani rozmontov\u00e1n\u00ed n\u00e1bytku, a ani rozm\u00edst\u011bn\u00ed n\u00e1bytku a v\u011bc\u00ed v nov\u00e9m byt\u011b. St\u011bhovac\u00ed firma m\u016f\u017ee zajistit i mont\u00e1\u017e bytov\u00fdch dopl\u0148k\u016f (zrcadel, polic, sv\u00edtidel, \u017ealuzi\u00ed) a zapojen\u00ed dom\u00e1c\u00edch spot\u0159ebi\u010d\u016f, a to se t\u00fdk\u00e1 i st\u011bhov\u00e1n\u00ed kuchyn\u00ed v\u010detn\u011b kuchy\u0148sk\u00e9 linky. Nezapome\u0148te tak\u00e9 na malov\u00e1n\u00ed bytu a pokl\u00e1dku koberc\u016f \u010di jin\u00fdch podlahov\u00fdch krytin (je-li to nutn\u00e9 \u010di mo\u017en\u00e9), co\u017e jsou pr\u00e1ce, kter\u00e9 mus\u00edte zvl\u00e1dnout je\u0161t\u011b p\u0159ed st\u011bhov\u00e1n\u00edm.Parkov\u00e1n\u00ed p\u0159ed domem \u2013 toto si poznamenejte a \u0159e\u0161te co nejd\u0159\u00edve, proto\u017ee kup\u0159\u00edkladu parkov\u00e1n\u00ed v Praze je placen\u00e9, a st\u011bhovac\u00ed v\u016fz mus\u00ed m\u00edt ve vyhrazen\u00fd den ji\u017e parkovac\u00ed m\u00edsto zaji\u0161t\u011bn\u00e9. To v\u00e1m za poplatek umo\u017en\u00ed odbor dopravy na m\u011bstsk\u00e9m magistr\u00e1tu, ov\u0161em pozor \u2013 lh\u016fta vy\u0159\u00edzen\u00ed \u017e\u00e1dosti je ze z\u00e1kona 30 kalend\u00e1\u0159n\u00edch dn\u016f, a tak o parkovac\u00ed v\u00fdjimku za\u017e\u00e1dejte v dostate\u010dn\u00e9m p\u0159edstihu p\u0159ed st\u011bhovac\u00ed akc\u00ed.                                                                                                                                                                                                                                                                                                                                                                                                  "},{"@context":"https:\/\/schema.org\/","@type":"BreadcrumbList","itemListElement":[{"@type":"ListItem","position":1,"name":"St\u011bhov\u00e1n\u00ed handicapovan\u00fdch osob","item":"https:\/\/www.moreel.cz\/stehovani-handicapovanych-osob\/#breadcrumbitem"}]}]