[{"@context":"https:\/\/schema.org\/","@type":"Article","@id":"https:\/\/www.moreel.cz\/proc-zajit-za-barberem-v-praze-dejvicich\/#Article","mainEntityOfPage":"https:\/\/www.moreel.cz\/proc-zajit-za-barberem-v-praze-dejvicich\/","headline":"Pro\u010d zaj\u00edt za barberem v Praze Dejvic\u00edch","name":"Pro\u010d zaj\u00edt za barberem v Praze Dejvic\u00edch","description":"Barber shop v Praze Dejvic\u00edch, nedaleko metra Hrad\u010dansk\u00e1 poskytuje profesion\u00e1ln\u00ed kade\u0159nick\u00e9 a holi\u010dsk\u00e9 slu\u017eby, ale to nen\u00ed jedin\u00fd d\u016fvod, pro\u010d tam zaj\u00edt. Co pro v\u00e1s vlastn\u011b znamen\u00e1 barber v Praze? Sou\u010dasn\u00fd \u00fa\u010des se mi nel\u00edb\u00ed \u2013 nejste spokojeni se sv\u00fdm st\u00e1vaj\u00edc\u00edm sest\u0159ihem a \u00fa\u010desem? Mo\u017en\u00e1 v\u00e1m barber dok\u00e1\u017ee vhodn\u011b poradit a vylep\u0161it va\u0161i image. Rada [&hellip;]","datePublished":"2025-03-17","dateModified":"2025-03-17","author":{"@type":"Person","@id":"https:\/\/www.moreel.cz\/author\/#Person","name":"","url":"https:\/\/www.moreel.cz\/author\/","identifier":1,"image":{"@type":"ImageObject","@id":"https:\/\/secure.gravatar.com\/avatar\/13dbcc20b7c05fcb5c4a6b0bee5a7107a0aae9238a83a4088a42d170780b2eca?s=96&d=mm&r=g","url":"https:\/\/secure.gravatar.com\/avatar\/13dbcc20b7c05fcb5c4a6b0bee5a7107a0aae9238a83a4088a42d170780b2eca?s=96&d=mm&r=g","height":96,"width":96}},"publisher":{"@type":"Organization","name":"moreel.cz","logo":{"@type":"ImageObject","@id":"\/logo.png","url":"\/logo.png","width":600,"height":60}},"image":{"@type":"ImageObject","@id":"https:\/\/www.moreel.cz\/wp-content\/uploads\/barber-shop-5212042_640_1.jpg","url":"https:\/\/www.moreel.cz\/wp-content\/uploads\/barber-shop-5212042_640_1.jpg","height":0,"width":0},"url":"https:\/\/www.moreel.cz\/proc-zajit-za-barberem-v-praze-dejvicich\/","about":["Podnik\u00e1n\u00ed"],"wordCount":422,"articleBody":"   Barber shop v Praze Dejvic\u00edch, nedaleko metra Hrad\u010dansk\u00e1 poskytuje profesion\u00e1ln\u00ed kade\u0159nick\u00e9 a holi\u010dsk\u00e9 slu\u017eby, ale to nen\u00ed jedin\u00fd d\u016fvod, pro\u010d tam zaj\u00edt. Co pro v\u00e1s vlastn\u011b znamen\u00e1 barber v Praze?Sou\u010dasn\u00fd \u00fa\u010des se mi nel\u00edb\u00ed \u2013 nejste spokojeni se sv\u00fdm st\u00e1vaj\u00edc\u00edm sest\u0159ihem a \u00fa\u010desem? Mo\u017en\u00e1 v\u00e1m barber dok\u00e1\u017ee vhodn\u011b poradit a vylep\u0161it va\u0161i image. Rada se m\u016f\u017ee t\u00fdkat \u010dehokoli \u2013 d\u00e9lky vlas\u016f, barven\u00ed vlas\u016f, \u00fa\u010desu, d\u00e9lky a tvaru vous\u016f a t\u0159eba i vhodnosti \u00fa\u010desu \u010di vous\u016f k tvaru obli\u010deje, podobn\u011b jako je tomu u k\u0159ivek obli\u010deje v\u016f\u010di obrou\u010dk\u00e1m br\u00fdl\u00ed.Pot\u0159ebuji zm\u011bnu kade\u0159n\u00edka \u2013 naj\u00edt dobr\u00e9ho kade\u0159n\u00edka \u010di barbera nen\u00ed jednoduch\u00e9, n\u011bkdy je to jako hled\u00e1n\u00ed jehly v kupce sena, obdobou p\u0159i vyhled\u00e1v\u00e1n\u00ed dobr\u00e9ho \u0159emesln\u00edka \u2013 elektrik\u00e1\u0159e, instalat\u00e9ra \u010di obklada\u010de. Pot\u0159ebujete-li zm\u011bnu a chcete naj\u00edt dobr\u00e9ho, zku\u0161en\u00e9ho a vst\u0159\u00edcn\u00e9ho odborn\u00edka, zkuste to v barber sal\u00f3nu v Dejvic\u00edch nebo v D\u011blnick\u00e9 \u010di Tuzarov\u011b ulici v Hole\u0161ovic\u00edch. Anebo na Kladn\u011b na p\u011b\u0161\u00ed z\u00f3n\u011b v doln\u00ed \u010d\u00e1sti u n\u00e1m\u011bst\u00ed starosty Pavla.Jdeme na kus \u0159e\u010di \u2013 ke kade\u0159n\u00edkovi mnoz\u00ed lid\u00e9 velmi r\u00e1di chod\u00ed t\u0159eba jen na kus \u0159e\u010di, ani\u017e by zrovna pot\u0159ebovali akutn\u011b ost\u0159\u00edhat vlasy nebo upravit plnovous. Zde ale plat\u00ed z\u00e1sada \u2013 v\u0161eho s m\u00edrou. Popov\u00eddat ano, pro\u010d ne, ale mus\u00edte c\u00edtit, kdy je to vhodn\u00e9 a tak\u00e9 jak\u00e1 t\u00e9mata jsou k rozhovoru ide\u00e1ln\u00ed. Nejlep\u0161\u00ed je pro vz\u00e1jemn\u00e9 uvoln\u011bn\u00ed emoc\u00ed nadhodit t\u00e9ma zcela nez\u00e1visl\u00e9, jako je po\u010das\u00ed nebo dovolen\u00e1 \u2013 kde jsou zaj\u00edmav\u00e9 hory nebo pl\u00e1\u017ee a tak. Rozhodn\u011b kade\u0159n\u00edka nezpov\u00eddejte a na nic se jej nevypt\u00e1vejte \u2013 rozhovor by m\u011bl b\u00fdt zaj\u00edmav\u00fd, ale obohacuj\u00edc\u00ed pro ob\u011b strany.Kontakt s lidmi \u2013 sch\u00e1z\u00ed v\u00e1m kontakt s lidmi a p\u0159ipad\u00e1te si osam\u011bl\u00ed? Kade\u0159n\u00edk a barber jsou vhodnou osobou, kter\u00e1 se v\u00e1m bude v\u011bnovat pom\u011brn\u011b intimn\u011b. Uv\u011bdomte si, \u017ee lask\u00e1n\u00ed ve vlasech a pr\u00e1ce s vousy je spojen\u00e1 s doteky rukou na poko\u017ece a jeliko\u017e je hlava obda\u0159ena mnoha citliv\u00fdmi nervov\u00fdmi receptory, vn\u00edm\u00e1me takov\u00fd kontakt velmi p\u0159\u00edjemn\u011b.                                                                                                                                                                                                                                                                                                                                                                                                  "},{"@context":"https:\/\/schema.org\/","@type":"BreadcrumbList","itemListElement":[{"@type":"ListItem","position":1,"name":"Pro\u010d zaj\u00edt za barberem v Praze Dejvic\u00edch","item":"https:\/\/www.moreel.cz\/proc-zajit-za-barberem-v-praze-dejvicich\/#breadcrumbitem"}]}]