{"@context":"https:\/\/schema.org\/","@type":"CollectionPage","@id":"https:\/\/www.moreel.cz\/politika\/#CollectionPage","headline":"Politika Category","description":"","url":"https:\/\/www.moreel.cz\/politika\/","hasPart":[{"@type":"Article","@id":"https:\/\/www.moreel.cz\/politicke-prenosy\/","headline":"Politick\u00e9 p\u0159enosy","url":"https:\/\/www.moreel.cz\/politicke-prenosy\/","datePublished":"2023-12-28","dateModified":"2024-03-28","mainEntityOfPage":"https:\/\/www.moreel.cz\/politicke-prenosy\/","author":{"@type":"Person","@id":"https:\/\/www.moreel.cz\/author\/#Person","name":"","url":"https:\/\/www.moreel.cz\/author\/","identifier":1,"image":{"@type":"ImageObject","@id":"https:\/\/secure.gravatar.com\/avatar\/13dbcc20b7c05fcb5c4a6b0bee5a7107a0aae9238a83a4088a42d170780b2eca?s=96&d=mm&r=g","url":"https:\/\/secure.gravatar.com\/avatar\/13dbcc20b7c05fcb5c4a6b0bee5a7107a0aae9238a83a4088a42d170780b2eca?s=96&d=mm&r=g","height":96,"width":96}},"publisher":{"@type":"Organization","name":"moreel.cz","logo":{"@type":"ImageObject","@id":"\/logo.png","url":"\/logo.png","width":600,"height":60}},"image":{"@type":"ImageObject","@id":"https:\/\/www.moreel.cz\/wp-content\/uploads\/board-4862180_1280_1.jpg","url":"https:\/\/www.moreel.cz\/wp-content\/uploads\/board-4862180_1280_1.jpg","height":0,"width":0},"keywords":null},{"@type":"Article","@id":"https:\/\/www.moreel.cz\/politika-me-nebavi\/","headline":"Politika m\u011b nebav\u00ed","url":"https:\/\/www.moreel.cz\/politika-me-nebavi\/","datePublished":"2023-11-30","dateModified":"2023-11-30","mainEntityOfPage":"https:\/\/www.moreel.cz\/politika-me-nebavi\/","author":{"@type":"Person","@id":"https:\/\/www.moreel.cz\/author\/#Person","name":"","url":"https:\/\/www.moreel.cz\/author\/","identifier":1,"image":{"@type":"ImageObject","@id":"https:\/\/secure.gravatar.com\/avatar\/13dbcc20b7c05fcb5c4a6b0bee5a7107a0aae9238a83a4088a42d170780b2eca?s=96&d=mm&r=g","url":"https:\/\/secure.gravatar.com\/avatar\/13dbcc20b7c05fcb5c4a6b0bee5a7107a0aae9238a83a4088a42d170780b2eca?s=96&d=mm&r=g","height":96,"width":96}},"publisher":{"@type":"Organization","name":"moreel.cz","logo":{"@type":"ImageObject","@id":"\/logo.png","url":"\/logo.png","width":600,"height":60}},"image":{"@type":"ImageObject","@id":"https:\/\/www.moreel.cz\/wp-content\/uploads\/us-capitol-466512_1280.jpg","url":"https:\/\/www.moreel.cz\/wp-content\/uploads\/us-capitol-466512_1280.jpg","height":0,"width":0},"keywords":null},{"@type":"Article","@id":"https:\/\/www.moreel.cz\/patrite-mezi-lidi-kteri-se-opravdu-zajimaji\/","headline":"Pat\u0159\u00edte mezi lidi, kte\u0159\u00ed se opravdu zaj\u00edmaj\u00ed","url":"https:\/\/www.moreel.cz\/patrite-mezi-lidi-kteri-se-opravdu-zajimaji\/","datePublished":"2023-02-05","dateModified":"2023-06-05","mainEntityOfPage":"https:\/\/www.moreel.cz\/patrite-mezi-lidi-kteri-se-opravdu-zajimaji\/","author":{"@type":"Person","@id":"https:\/\/www.moreel.cz\/author\/#Person","name":"","url":"https:\/\/www.moreel.cz\/author\/","identifier":1,"image":{"@type":"ImageObject","@id":"https:\/\/secure.gravatar.com\/avatar\/13dbcc20b7c05fcb5c4a6b0bee5a7107a0aae9238a83a4088a42d170780b2eca?s=96&d=mm&r=g","url":"https:\/\/secure.gravatar.com\/avatar\/13dbcc20b7c05fcb5c4a6b0bee5a7107a0aae9238a83a4088a42d170780b2eca?s=96&d=mm&r=g","height":96,"width":96}},"publisher":{"@type":"Organization","name":"moreel.cz","logo":{"@type":"ImageObject","@id":"\/logo.png","url":"\/logo.png","width":600,"height":60}},"image":{"@type":"ImageObject","@id":"https:\/\/www.moreel.cz\/wp-content\/uploads\/encounter-gc1b43e2fa_1280.jpg","url":"https:\/\/www.moreel.cz\/wp-content\/uploads\/encounter-gc1b43e2fa_1280.jpg","height":0,"width":0},"keywords":null},{"@type":"Article","@id":"https:\/\/www.moreel.cz\/jsou-udalosti-kde-neni-vhodne-bavit-se-o-politice\/","headline":"Jsou ud\u00e1losti, kde nen\u00ed vhodn\u00e9 bavit se o politice","url":"https:\/\/www.moreel.cz\/jsou-udalosti-kde-neni-vhodne-bavit-se-o-politice\/","datePublished":"2022-10-27","dateModified":"2023-09-28","mainEntityOfPage":"https:\/\/www.moreel.cz\/jsou-udalosti-kde-neni-vhodne-bavit-se-o-politice\/","author":{"@type":"Person","@id":"https:\/\/www.moreel.cz\/author\/#Person","name":"","url":"https:\/\/www.moreel.cz\/author\/","identifier":1,"image":{"@type":"ImageObject","@id":"https:\/\/secure.gravatar.com\/avatar\/13dbcc20b7c05fcb5c4a6b0bee5a7107a0aae9238a83a4088a42d170780b2eca?s=96&d=mm&r=g","url":"https:\/\/secure.gravatar.com\/avatar\/13dbcc20b7c05fcb5c4a6b0bee5a7107a0aae9238a83a4088a42d170780b2eca?s=96&d=mm&r=g","height":96,"width":96}},"publisher":{"@type":"Organization","name":"moreel.cz","logo":{"@type":"ImageObject","@id":"\/logo.png","url":"\/logo.png","width":600,"height":60}},"image":{"@type":"ImageObject","@id":"https:\/\/www.moreel.cz\/wp-content\/uploads\/bundestag-2463236_1280_1.jpg","url":"https:\/\/www.moreel.cz\/wp-content\/uploads\/bundestag-2463236_1280_1.jpg","height":0,"width":0},"keywords":null}]}