[{"@context":"https:\/\/schema.org\/","@type":"Article","@id":"https:\/\/www.moreel.cz\/politika-me-nebavi\/#Article","mainEntityOfPage":"https:\/\/www.moreel.cz\/politika-me-nebavi\/","headline":"Politika m\u011b nebav\u00ed","name":"Politika m\u011b nebav\u00ed","description":"Tak\u00e9 vedete n\u011bjak\u00e9 politick\u00e9 \u0159e\u010di u v\u00e1s doma? U n\u00e1s jsou politick\u00e9 \u0159e\u010di opravdu na denn\u00edm po\u0159\u00e1dku a \u0159eknu v\u00e1m, \u017ee u\u017e m\u011b to docela za\u010d\u00edn\u00e1 vadit, proto\u017ee m\u016fj partner se opravdu hodn\u011b zaj\u00edm\u00e1 o politiku a na\u0161e nejstar\u0161\u00ed dcera tak\u00e9 na\u0161i nejstar\u0161\u00ed dce\u0159i je devaten\u00e1ct\u00a0let a u\u017e se zaj\u00edm\u00e1 o politiku. Ze za\u010d\u00e1tku m\u011b\u00a0to [&hellip;]","datePublished":"2023-11-30","dateModified":"2023-11-30","author":{"@type":"Person","@id":"https:\/\/www.moreel.cz\/author\/#Person","name":"","url":"https:\/\/www.moreel.cz\/author\/","identifier":1,"image":{"@type":"ImageObject","@id":"https:\/\/secure.gravatar.com\/avatar\/13dbcc20b7c05fcb5c4a6b0bee5a7107a0aae9238a83a4088a42d170780b2eca?s=96&d=mm&r=g","url":"https:\/\/secure.gravatar.com\/avatar\/13dbcc20b7c05fcb5c4a6b0bee5a7107a0aae9238a83a4088a42d170780b2eca?s=96&d=mm&r=g","height":96,"width":96}},"publisher":{"@type":"Organization","name":"moreel.cz","logo":{"@type":"ImageObject","@id":"\/logo.png","url":"\/logo.png","width":600,"height":60}},"image":{"@type":"ImageObject","@id":"https:\/\/www.moreel.cz\/wp-content\/uploads\/us-capitol-466512_1280.jpg","url":"https:\/\/www.moreel.cz\/wp-content\/uploads\/us-capitol-466512_1280.jpg","height":0,"width":0},"url":"https:\/\/www.moreel.cz\/politika-me-nebavi\/","about":["Politika"],"wordCount":428,"articleBody":"Tak\u00e9 vedete n\u011bjak\u00e9 politick\u00e9 \u0159e\u010di u v\u00e1s doma? U n\u00e1s jsou politick\u00e9 \u0159e\u010di opravdu na denn\u00edm po\u0159\u00e1dku a \u0159eknu v\u00e1m, \u017ee u\u017e m\u011b to docela za\u010d\u00edn\u00e1 vadit, proto\u017ee m\u016fj partner se opravdu hodn\u011b zaj\u00edm\u00e1 o politiku a na\u0161e nejstar\u0161\u00ed dcera tak\u00e9 na\u0161i nejstar\u0161\u00ed dce\u0159i je devaten\u00e1ct\u00a0let a u\u017e se zaj\u00edm\u00e1 o politiku. Ze za\u010d\u00e1tku m\u011b\u00a0to opravdu hodn\u011b t\u011b\u0161ilo, \u017ee moje dcera m\u00e1 p\u0159ehled. Ona se vyzn\u00e1 v jak v \u010desk\u00e9 politice? Tak\u00e9 samoz\u0159ejm\u011b v zahrani\u010dn\u00ed a celosv\u011btov\u00e9 politice. Jenom\u017ee pozd\u011bji u\u017e m\u011b to za\u010d\u00ednalo vadit, proto\u017ee moje dcera se st\u00e1le bavila jenom o politice a m\u016fj partner,\u00a0dce\u0159in otec se taky bav\u00ed o politice, tak\u017ee oni na to jsou dva. Nejhor\u0161\u00ed potom je, kdy\u017e se mi sm\u011bj\u00ed, \u017ee se v\u016fbec nevyzn\u00e1m v politice a \u017ee ani nev\u00edm, co odpov\u011bd\u011bt. J\u00e1 se mo\u017en\u00e1 vyznat tak v \u010desk\u00e9 politice, ale to je tak v\u0161echno. J\u00e1 absolutn\u011b ale\u00a0nepot\u0159ebuji porozum\u011bt celosv\u011btov\u00e9 politice, proto\u017ee m\u011b politika absolutn\u011b tak v obalu ani nezaj\u00edm\u00e1. Na co bych to m\u011bla v\u011bd\u011bt? Co je na tom \u0161patn\u00e9ho, \u017ee n\u011bkdo se zaj\u00edm\u00e1 o politiku nebo o celosv\u011btovou politiku a n\u011bkdo se o to v\u016fbec nezaj\u00edm\u00e1? T\u0159eba moje teta tak ta absolutn\u011b nem\u00e1 v\u016fbec \u017e\u00e1dn\u00fd p\u0159ehled. Ona chod\u00ed volit, chod\u00ed k volb\u00e1m, ale absolutn\u011b v\u016fbec nev\u00ed, jak a koho volit.Ona v\u017edycky zvol\u00ed n\u011bkoho jenom tak asi n\u00e1hodn\u011b, nebo j\u00e1 tomuhle v\u016fbec nerozum\u00edm, nech\u00e1pu, pro\u010d moje teta chod\u00ed volit, kdy\u017e se nevyzn\u00e1 v politice, kdy\u017e ji ani politika nezaj\u00edm\u00e1, co je na tom sakra tak \u0161patn\u00e9ho, pro\u010d n\u011bkdo nedok\u00e1\u017ee pochopit, \u017ee m\u011b politika nebav\u00ed? Potom se mi moje dcera a m\u016fj partner sm\u011bj\u00ed, \u017ee v\u016fbec nev\u00edm, co je to politika anebo co je zrovna v politice popul\u00e1rn\u00ed. J\u00e1 na tom nevid\u00edm absolutn\u011b nic \u0161patn\u00e9ho, n\u011bkoho jednodu\u0161e politika bav\u00ed a n\u011bkoho politika nebav\u00ed v\u016fbec. Proto\u00a0jsem si \u0159ekla, \u017ee se asi tak\u00e9 o n\u011bco za\u010dnu zaj\u00edmat. J\u00e1 se u\u010d\u00edm \u0161pan\u011blsky a francouzsky, tak j\u00e1 na n\u011bj asi za\u010dnu mluvit \u0161pan\u011blsky a francouzsky. Nau\u010d\u00edm se n\u011bkter\u00e9 politick\u00e9 \u0159e\u010di v tom jazyce a uvid\u00edm, jak budou reagovat.\u00a0                                                                                                                                                                                                                                                                                                                                                                                                "},{"@context":"https:\/\/schema.org\/","@type":"BreadcrumbList","itemListElement":[{"@type":"ListItem","position":1,"name":"Politika m\u011b nebav\u00ed","item":"https:\/\/www.moreel.cz\/politika-me-nebavi\/#breadcrumbitem"}]}]