[{"@context":"https:\/\/schema.org\/","@type":"Article","@id":"https:\/\/www.moreel.cz\/politicke-prenosy\/#Article","mainEntityOfPage":"https:\/\/www.moreel.cz\/politicke-prenosy\/","headline":"Politick\u00e9 p\u0159enosy","name":"Politick\u00e9 p\u0159enosy","description":"J&Atilde;&iexcl; si vzpom&Atilde;&shy;n&Atilde;&iexcl;m, &Aring;&frac34;e kdy&Aring;&frac34; jsem jezdila ke&Acirc;&nbsp;sv&Atilde;&frac12;m prarodi&Auml;&Aring;&macr;m na n&Atilde;&iexcl;v&Aring;&iexcl;t&Auml;&#8250;vu, tak oni se v&Aring;&frac34;dycky v televizi d&Atilde;&shy;vali na r&Aring;&macr;zn&Atilde;&copy; po&Aring;&#8482;ady. J&Atilde;&iexcl; si nyn&Atilde;&shy;&Acirc;&nbsp;tak zp&Auml;&#8250;tn&Auml;&#8250; vlastn&Auml;&#8250; vybavuji, &Aring;&frac34;e oni se d&Atilde;&shy;vali pouze jenom na politiku. P&Aring;&#8482;i&Aring;&iexcl;lo mi to docela takov&Atilde;&copy; divn&Atilde;&copy;. Tak&Atilde;&copy; si vzpom&Atilde;&shy;n&Atilde;&iexcl;m, &Aring;&frac34;e kdy&Aring;&frac34; jsem t&Aring;&#8482;eba cht&Auml;&#8250;la v poledne&Acirc;&nbsp;pustit n&Auml;&#8250;jak&Atilde;&copy; poh&Atilde;&iexcl;dky, kter&Atilde;&copy; v&Aring;&frac34;dycky [&hellip;]","datePublished":"2023-12-28","dateModified":"2024-03-28","author":{"@type":"Person","@id":"https:\/\/www.moreel.cz\/author\/#Person","name":"","url":"https:\/\/www.moreel.cz\/author\/","identifier":1,"image":{"@type":"ImageObject","@id":"https:\/\/secure.gravatar.com\/avatar\/13dbcc20b7c05fcb5c4a6b0bee5a7107a0aae9238a83a4088a42d170780b2eca?s=96&d=mm&r=g","url":"https:\/\/secure.gravatar.com\/avatar\/13dbcc20b7c05fcb5c4a6b0bee5a7107a0aae9238a83a4088a42d170780b2eca?s=96&d=mm&r=g","height":96,"width":96}},"publisher":{"@type":"Organization","name":"moreel.cz","logo":{"@type":"ImageObject","@id":"\/logo.png","url":"\/logo.png","width":600,"height":60}},"image":{"@type":"ImageObject","@id":"https:\/\/www.moreel.cz\/wp-content\/uploads\/board-4862180_1280_1.jpg","url":"https:\/\/www.moreel.cz\/wp-content\/uploads\/board-4862180_1280_1.jpg","height":0,"width":0},"url":"https:\/\/www.moreel.cz\/politicke-prenosy\/","about":["Politika"],"wordCount":775,"articleBody":"J&Atilde;&iexcl; si vzpom&Atilde;&shy;n&Atilde;&iexcl;m, &Aring;&frac34;e kdy&Aring;&frac34; jsem jezdila ke&Acirc;&nbsp;sv&Atilde;&frac12;m prarodi&Auml;&Aring;&macr;m na n&Atilde;&iexcl;v&Aring;&iexcl;t&Auml;&#8250;vu, tak oni se v&Aring;&frac34;dycky v televizi d&Atilde;&shy;vali na r&Aring;&macr;zn&Atilde;&copy; po&Aring;&#8482;ady. J&Atilde;&iexcl; si nyn&Atilde;&shy;&Acirc;&nbsp;tak zp&Auml;&#8250;tn&Auml;&#8250; vlastn&Auml;&#8250; vybavuji, &Aring;&frac34;e oni se d&Atilde;&shy;vali pouze jenom na politiku. P&Aring;&#8482;i&Aring;&iexcl;lo mi to docela takov&Atilde;&copy; divn&Atilde;&copy;. Tak&Atilde;&copy; si vzpom&Atilde;&shy;n&Atilde;&iexcl;m, &Aring;&frac34;e kdy&Aring;&frac34; jsem t&Aring;&#8482;eba cht&Auml;&#8250;la v poledne&Acirc;&nbsp;pustit n&Auml;&#8250;jak&Atilde;&copy; poh&Atilde;&iexcl;dky, kter&Atilde;&copy; v&Aring;&frac34;dycky v poledne vys&Atilde;&shy;lali, tak prarodi&Auml;e mi &Aring;&#8482;ekli, a to hlavn&Auml;&#8250; babi&Auml;ka, &Aring;&frac34;e &Aring;&frac34;&Atilde;&iexcl;dnou poh&Atilde;&iexcl;dku m&Atilde;&shy;t nebudu.Docela m&Auml;&#8250; to zarazilo a p&Aring;&#8482;i&Aring;&iexcl;lo mi to divn&Atilde;&copy;. Je&Aring;&iexcl;t&Auml;&#8250; p&Aring;&#8482;ed dv&Auml;&#8250;ma&Acirc;&nbsp;lety jsem v&Aring;&frac34;dycky mohla m&Atilde;&shy;t poh&Atilde;&iexcl;dku dopoledne a potom tak&Atilde;&copy; je&Aring;&iexcl;t&Auml;&#8250; dv&Auml;&#8250;&Acirc;&nbsp;poh&Atilde;&iexcl;dky ve&Auml;er. A babi&Auml;ka &Aring;&#8482;ekla, &Aring;&frac34;e se s d&Auml;&#8250;de&Auml;kem budou d&Atilde;&shy;vat na n&Auml;&#8250;jak&Atilde;&copy; speci&Atilde;&iexcl;ln&Atilde;&shy; p&Aring;&#8482;enosy. Kdy&Aring;&frac34; jsem se babi&Auml;ky ptala, jak&Atilde;&copy; speci&Atilde;&iexcl;ln&Atilde;&shy; p&Aring;&#8482;enosy,&Acirc;&nbsp;tak ona mi &Aring;&#8482;ekla, &Aring;&frac34;e m&Auml;&#8250; tohle ur&Auml;it&Auml;&#8250; zaj&Atilde;&shy;mat nebude. D&Auml;&#8250;de&Auml;ek mi potom &Aring;&#8482;ekl, &Aring;&frac34;e jsou to politick&Atilde;&copy; debaty. Takov&Atilde;&copy; politick&Atilde;&copy; p&Aring;&#8482;enosy a politick&Atilde;&copy; debaty, o kter&Atilde;&copy; se zaj&Atilde;&shy;maj&Atilde;&shy; hlavn&Auml;&#8250; dosp&Auml;&#8250;l&Atilde;&shy; lid&Atilde;&copy;, &Aring;&frac34;e pr&Atilde;&frac12; se tam bude projedn&Atilde;&iexcl;vat prezident anebo vl&Atilde;&iexcl;da a tak&Atilde;&copy; sn&Auml;&#8250;movna a tak d&Atilde;&iexcl;le a podobn&Auml;&#8250;. Kdy&Aring;&frac34; jsem tohle sly&Aring;&iexcl;ela, tak jsem si uv&Auml;&#8250;domila, &Aring;&frac34;e tato slova zn&Atilde;&iexcl;m, i kdy&Aring;&frac34; samoz&Aring;&#8482;ejm&Auml;&#8250; jsem nev&Auml;&#8250;d&Auml;&#8250;la, co to p&Aring;&#8482;esn&Auml;&#8250; &Atilde;&ordm;pln&Auml;&#8250; znamen&Atilde;&iexcl;.Znala jsem akor&Atilde;&iexcl;t prezidenta a v&Auml;&#8250;d&Auml;&#8250;la jsem, &Aring;&frac34;e jsou r&Aring;&macr;zn&Atilde;&copy; politick&Atilde;&copy; strany. V&Auml;&#8250;&Aring;&#8482;te nebo ne, ale m&Auml;&#8250; je politika docela &Aring;&iexcl;la. J&Atilde;&iexcl; jsem se teda o n&Atilde;&shy; v&Aring;&macr;bec nezaj&Atilde;&shy;mala a byla mi takov&Atilde;&iexcl; sp&Atilde;&shy;&Aring;&iexcl;e odpudiv&Atilde;&iexcl;, ale co jsem m&Auml;&#8250;la d&Auml;&#8250;lat, kdy&Aring;&frac34; se moji prarodi&Auml;e ka&Aring;&frac34;d&Atilde;&frac12; den d&Atilde;&shy;vali&Acirc;&nbsp;tak dvakr&Atilde;&iexcl;t denn&Auml;&#8250; na n&Auml;&#8250;jak&Atilde;&copy; politick&Atilde;&copy; po&Aring;&#8482;ady. Jednodu&Aring;&iexcl;e jsem s t&Atilde;&shy;m nic d&Auml;&#8250;lat nemohla, u&Aring;&frac34; to tak bylo a nemohla jsem to zm&Auml;&#8250;nit. Kolikr&Atilde;&iexcl;t jsem tak&Atilde;&copy; mamince &Aring;&#8482;&Atilde;&shy;kala, &Aring;&frac34;e u&Aring;&frac34; prarodi&Auml;&Aring;&macr;m nechci, &Aring;&frac34;e se st&Atilde;&iexcl;le d&Atilde;&shy;vaj&Atilde;&shy; na n&Auml;&#8250;jak&Atilde;&copy; divn&Atilde;&copy; po&Aring;&#8482;ady, kde se st&Atilde;&iexcl;le lid&Atilde;&copy; jenom h&Atilde;&iexcl;daj&Atilde;&shy;. Maminka mi &Aring;&#8482;ekla, &Aring;&frac34;e si&Acirc;&nbsp;na to m&Atilde;&iexcl;m prost&Auml;&#8250; zvyknout, &Aring;&frac34;e kdy&Aring;&frac34; moje maminka byla mal&Atilde;&iexcl;, tak jej&Atilde;&shy; rodi&Auml;e&Acirc;&nbsp;se tak&Atilde;&copy;&Acirc;&nbsp;d&Atilde;&shy;vali na politick&Atilde;&copy; p&Aring;&#8482;enosy. D&Aring;&#8482;&Atilde;&shy;ve tak&Atilde;&copy; byly politick&Atilde;&copy; p&Aring;&#8482;enosy v r&Atilde;&iexcl;diu.&Acirc;&nbsp;                                                                                                                                                                                                                                                                                                                                                                                                "},{"@context":"https:\/\/schema.org\/","@type":"BreadcrumbList","itemListElement":[{"@type":"ListItem","position":1,"name":"Politick\u00e9 p\u0159enosy","item":"https:\/\/www.moreel.cz\/politicke-prenosy\/#breadcrumbitem"}]}]