[{"@context":"https:\/\/schema.org\/","@type":"Article","@id":"https:\/\/www.moreel.cz\/nekteri-muzi-si-o-sobe-az-moc-mysli\/#Article","mainEntityOfPage":"https:\/\/www.moreel.cz\/nekteri-muzi-si-o-sobe-az-moc-mysli\/","headline":"N\u011bkte\u0159\u00ed mu\u017ei si o sob\u011b a\u017e moc mysl\u00ed&#8230;","name":"N\u011bkte\u0159\u00ed mu\u017ei si o sob\u011b a\u017e moc mysl\u00ed&#8230;","description":"Jsou mu\u017ei, kte\u0159\u00ed o sob\u011b maj\u00ed a\u017e p\u0159\u00edli\u0161 p\u0159ehnan\u00e9 m\u00edn\u011bn\u00ed. N\u011bkte\u0159\u00ed mu\u017ei si mysl\u00ed, \u017ee jsou ve v\u0161em skv\u011bl\u00ed a \u00fa\u017easn\u00ed, ale ve v\u00fdsledku tomu m\u016f\u017ee b\u00fdt p\u0159esn\u011b naopak. Jestli\u017ee se n\u011bkdy potk\u00e1te s takov\u00fdm mu\u017eem, pak je mo\u017en\u00e9, \u017ee si ze za\u010d\u00e1tku budete myslet, \u017ee si d\u011bl\u00e1 srandu, ale v\u011b\u0159te, \u017ee \u010dasem zjist\u00edte, \u017ee [&hellip;]","datePublished":"2022-11-05","dateModified":"2023-05-03","author":{"@type":"Person","@id":"https:\/\/www.moreel.cz\/author\/#Person","name":"","url":"https:\/\/www.moreel.cz\/author\/","identifier":1,"image":{"@type":"ImageObject","@id":"https:\/\/secure.gravatar.com\/avatar\/13dbcc20b7c05fcb5c4a6b0bee5a7107a0aae9238a83a4088a42d170780b2eca?s=96&d=mm&r=g","url":"https:\/\/secure.gravatar.com\/avatar\/13dbcc20b7c05fcb5c4a6b0bee5a7107a0aae9238a83a4088a42d170780b2eca?s=96&d=mm&r=g","height":96,"width":96}},"publisher":{"@type":"Organization","name":"moreel.cz","logo":{"@type":"ImageObject","@id":"\/logo.png","url":"\/logo.png","width":600,"height":60}},"image":{"@type":"ImageObject","@id":"https:\/\/www.moreel.cz\/wp-content\/uploads\/mu%C5%BE_10_10_10_10_5.JPG","url":"https:\/\/www.moreel.cz\/wp-content\/uploads\/mu%C5%BE_10_10_10_10_5.JPG","height":0,"width":0},"url":"https:\/\/www.moreel.cz\/nekteri-muzi-si-o-sobe-az-moc-mysli\/","about":["Mu\u017ei"],"wordCount":477,"articleBody":"Jsou mu\u017ei, kte\u0159\u00ed o sob\u011b maj\u00ed a\u017e p\u0159\u00edli\u0161 p\u0159ehnan\u00e9 m\u00edn\u011bn\u00ed. N\u011bkte\u0159\u00ed mu\u017ei si mysl\u00ed, \u017ee jsou ve v\u0161em skv\u011bl\u00ed a \u00fa\u017easn\u00ed, ale ve v\u00fdsledku tomu m\u016f\u017ee b\u00fdt p\u0159esn\u011b naopak.Jestli\u017ee se n\u011bkdy potk\u00e1te s takov\u00fdm mu\u017eem, pak je mo\u017en\u00e9, \u017ee si ze za\u010d\u00e1tku budete myslet, \u017ee si d\u011bl\u00e1 srandu, ale v\u011b\u0159te, \u017ee \u010dasem zjist\u00edte, \u017ee dan\u00e9 v\u011bci mysl\u00ed zcela v\u00e1\u017en\u011b. Pro n\u011bkter\u00e9 lidi je velk\u00fdm probl\u00e9mem takov\u00e9ho \u010dlov\u011bka vyst\u00e1t a rozhodn\u011b se dan\u00fdm lidem nem\u016f\u017eeme divit, proto\u017ee i v\u00e1m by jist\u011b po \u010dase za\u010dalo vadit, \u017ee se dan\u00fd mu\u017e neust\u00e1le jen chv\u00e1l\u00ed a v\u0161em \u0159\u00edk\u00e1, jak nen\u00ed v dan\u00fdch v\u011bcech \u00fa\u017easn\u00fd.Ur\u010dit\u011b se najde n\u011bkdo, kdo dan\u00e9mu mu\u017ei \u0159ekne, \u017ee nen\u00ed tak skv\u011bl\u00fd, jak si mysl\u00ed, ale v\u011b\u0159te, \u017ee dan\u00fd \u010dlov\u011bk n\u011bco takov\u00e9ho nebude cht\u00edt p\u0159ijmout. M\u016f\u017ee se klidn\u011b st\u00e1t, \u017ee se s v\u00e1mi kv\u016fli n\u011b\u010demu takov\u00e9mu dokonce i poh\u00e1d\u00e1.\u00a0Je mo\u017en\u00e9, \u017ee pokud by se k v\u00e1m p\u0159idalo v\u00edce lid\u00ed, dan\u00fd \u010dlov\u011bk by se nad sebou kone\u010dn\u011b zamyslel, ale m\u016f\u017ee se st\u00e1t i to, \u017ee ani n\u011bco takov\u00e9ho nepom\u016f\u017ee.\u00a0Pro mnoh\u00e9 je velk\u00fdm otazn\u00edkem, jak v\u016fbec \u010dlov\u011bk m\u016f\u017ee doj\u00edt a\u017e k takov\u00e9mu sebev\u011bdom\u00ed. N\u011bco takov\u00e9ho m\u016f\u017ee n\u011bkter\u00fdm p\u0159ipadat velmi zvl\u00e1\u0161tn\u00ed.\u00a0Ur\u010dit\u011b nen\u00ed norm\u00e1ln\u00ed, \u017ee si \u010dlov\u011bk mysl\u00ed, \u017ee je ve v\u0161em, co d\u011bl\u00e1, nejlep\u0161\u00ed. Ur\u010dit\u011b n\u011bco dan\u00e9mu chov\u00e1n\u00ed p\u0159edch\u00e1zelo, ale je ot\u00e1zkou, co to bylo.Zm\u011bnit my\u0161len\u00ed takov\u00e9ho \u010dlov\u011bka nemus\u00ed b\u00fdt v\u016fbec snadn\u00e9. I p\u0159esto, \u017ee dan\u00e9mu \u010dlov\u011bk uk\u00e1\u017eete n\u011bkoho, kdo danou v\u011bc nebo situaci zvl\u00e1d\u00e1 l\u00e9pe, je mo\u017en\u00e9, \u017ee to dan\u00fd \u010dlov\u011bk nebude cht\u00edt p\u0159ijmout a st\u00e1le bude tvrdit, \u017ee to nikdo nedok\u00e1\u017ee l\u00e9pe, ne\u017e on s\u00e1m.S n\u011bkter\u00fdmi lidmi to rozhodn\u011b nen\u00ed snadn\u00e9 a je mo\u017en\u00e9, \u017ee dokonce ani nebude. Na takov\u00e9ho \u010dlov\u011bka je pot\u0159eba si zvyknout, pokud se rozhodnete s n\u011bk\u00fdm takov\u00fdm \u017e\u00edt. Je mo\u017en\u00e9, \u017ee po \u010dase u\u017e ale nebudete vztah s takov\u00fdm \u010dlov\u011bkem zvl\u00e1dat a rozhodn\u011b je to pochopiteln\u00e9, proto\u017ee jen m\u00e1lokdo by na n\u011bco takov\u00e9ho m\u011bl s\u00edlu.Je dobr\u00e9 zv\u00e1\u017eit, jestli v\u016fbec m\u00e1 cenu s takov\u00fdm \u010dlov\u011bkem n\u011bjak\u00fd vztah za\u010d\u00ednat, proto\u017ee snadn\u00e9 to rozhodn\u011b nebude.                                                                                                                                                                                                                                                                                                                                                                                                "},{"@context":"https:\/\/schema.org\/","@type":"BreadcrumbList","itemListElement":[{"@type":"ListItem","position":1,"name":"N\u011bkte\u0159\u00ed mu\u017ei si o sob\u011b a\u017e moc mysl\u00ed&#8230;","item":"https:\/\/www.moreel.cz\/nekteri-muzi-si-o-sobe-az-moc-mysli\/#breadcrumbitem"}]}]