[{"@context":"https:\/\/schema.org\/","@type":"Article","@id":"https:\/\/www.moreel.cz\/na-co-se-pripravit-pokud-se-stehujeme-do-bytu\/#Article","mainEntityOfPage":"https:\/\/www.moreel.cz\/na-co-se-pripravit-pokud-se-stehujeme-do-bytu\/","headline":"Na co se p\u0159ipravit, pokud se st\u011bhujeme do bytu","name":"Na co se p\u0159ipravit, pokud se st\u011bhujeme do bytu","description":"Dne\u0161n\u00ed situace na trhu nemovitost\u00ed nen\u00ed zrovna nejlep\u0161\u00ed. Ceny neust\u00e1le rostou, a lid\u00e9 je tak\u00e9 \u010d\u00edm d\u00e1l v\u00edce. Nen\u00ed tedy divu, \u017ee mnoho z\u00a0n\u00e1s sh\u00e1n\u00ed tu nejlevn\u011bj\u0161\u00ed variantu. Ukazuje se, \u017ee tou je samoz\u0159ejm\u011b bydlen\u00ed v\u00a0byt\u011b. To v\u0161ak m\u016f\u017ee p\u0159ipravit \u010dlov\u011bku, kter\u00fd byl doposud zvykl\u00fd \u017e\u00edt v\u00a0rodinn\u00e9m dom\u011b, p\u0159ipravit nejedno p\u0159ekvapen\u00ed. Je tedy dobr\u00e9 v\u011bd\u011bt, [&hellip;]","datePublished":"2024-08-27","dateModified":"2024-08-27","author":{"@type":"Person","@id":"https:\/\/www.moreel.cz\/author\/#Person","name":"","url":"https:\/\/www.moreel.cz\/author\/","identifier":1,"image":{"@type":"ImageObject","@id":"https:\/\/secure.gravatar.com\/avatar\/13dbcc20b7c05fcb5c4a6b0bee5a7107a0aae9238a83a4088a42d170780b2eca?s=96&d=mm&r=g","url":"https:\/\/secure.gravatar.com\/avatar\/13dbcc20b7c05fcb5c4a6b0bee5a7107a0aae9238a83a4088a42d170780b2eca?s=96&d=mm&r=g","height":96,"width":96}},"publisher":{"@type":"Organization","name":"moreel.cz","logo":{"@type":"ImageObject","@id":"\/logo.png","url":"\/logo.png","width":600,"height":60}},"image":{"@type":"ImageObject","@id":"https:\/\/www.moreel.cz\/wp-content\/uploads\/byt2_10_10_10_8.jpg","url":"https:\/\/www.moreel.cz\/wp-content\/uploads\/byt2_10_10_10_8.jpg","height":0,"width":0},"url":"https:\/\/www.moreel.cz\/na-co-se-pripravit-pokud-se-stehujeme-do-bytu\/","about":["Byt"],"wordCount":437,"articleBody":"Dne\u0161n\u00ed situace na trhu nemovitost\u00ed nen\u00ed zrovna nejlep\u0161\u00ed. Ceny neust\u00e1le rostou, a lid\u00e9 je tak\u00e9 \u010d\u00edm d\u00e1l v\u00edce. Nen\u00ed tedy divu, \u017ee mnoho z\u00a0n\u00e1s sh\u00e1n\u00ed tu nejlevn\u011bj\u0161\u00ed variantu. Ukazuje se, \u017ee tou je samoz\u0159ejm\u011b bydlen\u00ed v\u00a0byt\u011b. To v\u0161ak m\u016f\u017ee p\u0159ipravit \u010dlov\u011bku, kter\u00fd byl doposud zvykl\u00fd \u017e\u00edt v\u00a0rodinn\u00e9m dom\u011b, p\u0159ipravit nejedno p\u0159ekvapen\u00ed. Je tedy dobr\u00e9 v\u011bd\u011bt, na co bychom se m\u011bli p\u0159ipravit, pokud se v\u00a0takov\u00e9to situaci ocitneme.\u00a0V\u00a0prvn\u00ed \u0159ad\u011b je to fakt, \u017ee k\u00a0soused\u016fm budeme m\u00edt mnohem bl\u00ed\u017ee. Zvl\u00e1\u0161t\u011b n\u011bkter\u00e9 star\u0161\u00ed panel\u00e1ky jsou stav\u011bny tak, \u017ee je sly\u0161et v\u00a0podstat\u011b ka\u017ed\u00e9 \u0161ustnut\u00ed. Mus\u00edme b\u00fdt tedy p\u0159ipraveni na to, \u017ee budeme sly\u0161et v\u0161e, co se u soused\u016f d\u011bje, a na\u0161e soukrom\u00ed tak\u00e9 bude pon\u011bkud omezeno. Jist\u011b, jde to pon\u011bkud vylep\u0161it nap\u0159\u00edklad p\u0159id\u00e1n\u00edm odhlu\u010d\u0148ovac\u00edch st\u011bn, av\u0161ak to jsou n\u00e1klady, kter\u00e9 si jen m\u00e1lokdo m\u016f\u017ee dovolit.\u00a0\u00a0D\u00e1le jsou zde spole\u010dn\u00e9 prostory. Na nich se nejen budeme setk\u00e1vat s\u00a0ostatn\u00edmi lidmi, ale tak\u00e9 m\u00e1me spole\u010dnou odpov\u011bdnost za p\u00e9\u010di o n\u011b. V\u00a0mnoha domech najdeme nap\u0159\u00edklad rozpis \u00faklidu, kter\u00fd je pot\u0159eba dodr\u017eovat. Ten je obvykle z\u00e1vazn\u00fd, i kdy\u017e si v\u00a0p\u0159\u00edpad\u011b pot\u0159eby m\u016f\u017eeme vym\u011bnit slu\u017ebu s\u00a0n\u011bkter\u00fdm ze soused\u016f. I tak to je v\u0161ak n\u011bco, co budeme muset dodr\u017eovat.\u00a0\u00a0\u00a0Zapom\u00ednat nesm\u00edme ani na to, \u017ee nap\u0159\u00edklad soused\u00e9 mohou t\u0159eba rekonstruovat byt. To pak znamen\u00e1 i n\u011bkolik m\u011bs\u00edc\u016f prachu a neust\u00e1l\u00e9ho rachotu, se kter\u00fdm mus\u00edme po\u010d\u00edtat. Nehled\u011b na to, \u017ee zdaleka ne v\u0161ichni lid\u00e9 jsou ohledupln\u00ed, a tak se m\u016f\u017eeme do\u010dkat nap\u0159\u00edklad i t\u011bch, kte\u0159\u00ed budou u sebe n\u011bco kutit v\u00a0ned\u011bli r\u00e1no.\u00a0Tak\u00e9 m\u016f\u017eeme m\u00edt probl\u00e9my, pokud pracujeme na sm\u011bny. Asi jen t\u011b\u017eko se budeme moci dob\u0159e vyspat po no\u010dn\u00ed, kdy\u017e kolem n\u00e1s bude na chodb\u00e1ch ruch a hluk. S\u00a0t\u00edm v\u0161ak bohu\u017eel nic nenad\u011bl\u00e1me, nebo\u0165 no\u010dn\u00ed klid je jen v\u00a0noci. Je pak ot\u00e1zkou, zda pro n\u00e1s v\u00a0takov\u00e9 situaci je byt opravdu tou nejlep\u0161\u00ed mo\u017enost\u00ed. N\u011bkdy se v\u0161ak bohu\u017eel m\u016f\u017ee st\u00e1t, \u017ee n\u00e1m zkr\u00e1tka nic jin\u00e9ho nezbude.                                                                                                                                                                                                                                                                                                                                                                                                "},{"@context":"https:\/\/schema.org\/","@type":"BreadcrumbList","itemListElement":[{"@type":"ListItem","position":1,"name":"Na co se p\u0159ipravit, pokud se st\u011bhujeme do bytu","item":"https:\/\/www.moreel.cz\/na-co-se-pripravit-pokud-se-stehujeme-do-bytu\/#breadcrumbitem"}]}]