[{"@context":"https:\/\/schema.org\/","@type":"Article","@id":"https:\/\/www.moreel.cz\/my-a-skola\/#Article","mainEntityOfPage":"https:\/\/www.moreel.cz\/my-a-skola\/","headline":"My a \u0161kola","name":"My a \u0161kola","description":"J\u00e1 osobn\u011b zast\u00e1v\u00e1m takov\u00fd n\u00e1zor, ka\u017ed\u00fd \u010dlov\u011bk by m\u011bl b\u00fdt n\u011bjak sv\u00fdm zp\u016fsobem vzd\u011blan\u00fd. A nemus\u00ed m\u00edt n\u011bjak\u00e9 luxusn\u00ed vysok\u00e9 vzd\u011bl\u00e1n\u00ed, jako nap\u0159\u00edklad vysoko\u0161kolsk\u00e9 nebo n\u011bjakou drahou univerzitu, ale sta\u010d\u00ed bohat\u011b kdy\u017e m\u00e1 t\u0159eba v\u00fdu\u010dn\u00ed obor. Anebo je\u0161t\u011b l\u00e9pe maturitu. Maturitu jsem si v\u017edy p\u0159\u00e1la j\u00e1 a jsem r\u00e1da, \u017ee ji m\u00e1m. A proto si [&hellip;]","datePublished":"2022-11-11","dateModified":"2023-05-19","author":{"@type":"Person","@id":"https:\/\/www.moreel.cz\/author\/#Person","name":"","url":"https:\/\/www.moreel.cz\/author\/","identifier":1,"image":{"@type":"ImageObject","@id":"https:\/\/secure.gravatar.com\/avatar\/13dbcc20b7c05fcb5c4a6b0bee5a7107a0aae9238a83a4088a42d170780b2eca?s=96&d=mm&r=g","url":"https:\/\/secure.gravatar.com\/avatar\/13dbcc20b7c05fcb5c4a6b0bee5a7107a0aae9238a83a4088a42d170780b2eca?s=96&d=mm&r=g","height":96,"width":96}},"publisher":{"@type":"Organization","name":"moreel.cz","logo":{"@type":"ImageObject","@id":"\/logo.png","url":"\/logo.png","width":600,"height":60}},"image":{"@type":"ImageObject","@id":"https:\/\/www.moreel.cz\/wp-content\/uploads\/GsYBaIp_2.jpeg","url":"https:\/\/www.moreel.cz\/wp-content\/uploads\/GsYBaIp_2.jpeg","height":0,"width":0},"url":"https:\/\/www.moreel.cz\/my-a-skola\/","about":["Vzd\u011bl\u00e1n\u00ed"],"wordCount":440,"articleBody":"J\u00e1 osobn\u011b zast\u00e1v\u00e1m takov\u00fd n\u00e1zor, ka\u017ed\u00fd \u010dlov\u011bk by m\u011bl b\u00fdt n\u011bjak sv\u00fdm zp\u016fsobem vzd\u011blan\u00fd. A nemus\u00ed m\u00edt n\u011bjak\u00e9 luxusn\u00ed vysok\u00e9 vzd\u011bl\u00e1n\u00ed, jako nap\u0159\u00edklad vysoko\u0161kolsk\u00e9 nebo n\u011bjakou drahou univerzitu, ale sta\u010d\u00ed bohat\u011b kdy\u017e m\u00e1 t\u0159eba v\u00fdu\u010dn\u00ed obor. Anebo je\u0161t\u011b l\u00e9pe maturitu. Maturitu jsem si v\u017edy p\u0159\u00e1la j\u00e1 a jsem r\u00e1da, \u017ee ji m\u00e1m. A proto si nap\u0159\u00edklad vezmete a p\u0159edstavte si, kdyby v\u0161ichni lid\u00e9 u\u017e cht\u011bli pracovat ihned po z\u00e1kladn\u00ed \u0161kole. Podle m\u00e9ho n\u00e1zoru by to bylo docela smutn\u00e9, proto\u017ee by \u010dlov\u011bk v\u016fbec nem\u011bl \u017e\u00e1dn\u00e9 zam\u011b\u0159en\u00ed. A kdo by potom mohl t\u0159eba d\u011blat l\u00e9ka\u0159e anebo t\u0159eba n\u011bjak\u00e9ho zedn\u00edka, kdyby nic neum\u011bl a kdyby nem\u011bl vlastn\u011b\u00a0v\u016fbec \u017e\u00e1dnou praxi?Podle m\u00e9ho n\u00e1zoru je to opravdu \u0161koda. A j\u00e1 si pr\u00e1v\u011b \u0159\u00edk\u00e1m, \u017ee kdybych j\u00e1 m\u011bla odej\u00edt ihned po z\u00e1kladn\u00ed \u0161kole n\u011bkam pracovat, tak bych jist\u011b byla velice ne\u0161\u0165astn\u00e1, proto\u017ee zrovna j\u00e1 osobn\u011b jsem v\u017edycky cht\u011bla studovat, tak\u017ee jsem byla velice nad\u0161en\u00e1 a tak\u00e9 spokojen\u00e1, kdy\u017e mi rodi\u010de \u0159ekli, \u017ee by byly na m\u011b velice py\u0161n\u00ed, kdybych \u0161la n\u011bkam je\u0161t\u011b d\u00e1le studovat. Tak\u017ee jsem si \u0159ekla, \u017ee kdy\u017e si to rodi\u010de p\u0159eji a j\u00e1 bych tak\u00e9 cht\u011bla studovat d\u00e1l, tak jsem si \u0159ekla, \u017ee d\u00e1l studovat budu. A to tak\u00e9 proto, \u017ee m\u011b vzd\u011bl\u00e1n\u00ed opravdu hodn\u011b bav\u00ed a podle m\u00e9ho n\u00e1zoru je vzd\u011bl\u00e1n\u00ed pro ka\u017ed\u00e9ho \u010dlov\u011bka velice d\u016fle\u017eit\u00e9. \u0158\u00edk\u00e1m si, \u017ee kdybych se t\u0159eba nevyd\u011bl\u00e1vala v\u016fbec, tak co bych asi d\u011blala nebo kde bych v\u016fbec skon\u010dila? Nakonec jsem vystudovala jazykovou \u0161kolu a mus\u00edm uznat, \u017ee jsem l\u00e9pe ud\u011blat nemohla. A mysl\u00edm si, \u017ee vzd\u011bl\u00e1n\u00ed \u010dlov\u011bka opravdu utvrd\u00ed v tom, \u017ee kdy\u017e \u010dlov\u011bk m\u00e1 n\u011bjak\u00e9 lep\u0161\u00ed vzd\u011bl\u00e1n\u00ed anebo alespo\u0148 n\u011bjakou \u0161kolu, tak m\u00e1 tak\u00e9 otev\u0159en\u00e1 takov\u00e1 zadn\u00ed vr\u00e1tka, jak se lidov\u011b \u0159\u00edk\u00e1. A to potom \u010dlov\u011bk m\u00e1 tak\u00e9 v\u00edce mo\u017enost\u00ed, kam p\u016fjde pracovat. J\u00e1 jsem v\u017edycky cht\u011bla pracovat v n\u011bjak\u00e9 kancel\u00e1\u0159i, kde pot\u0159ebuji ciz\u00ed jazyky, a nakonec to se mi tak\u00e9 splnilo. A tady jde alespo\u0148 vid\u011bt, \u017ee vzd\u011bl\u00e1n\u00ed je opravdu d\u016fle\u017eit\u00e9.\u00a0                                                                                                                                                                                                                                                                                                                                                                                                "},{"@context":"https:\/\/schema.org\/","@type":"BreadcrumbList","itemListElement":[{"@type":"ListItem","position":1,"name":"My a \u0161kola","item":"https:\/\/www.moreel.cz\/my-a-skola\/#breadcrumbitem"}]}]