[{"@context":"https:\/\/schema.org\/","@type":"Article","@id":"https:\/\/www.moreel.cz\/je-globalni-oteplovani-prirozeny-proces\/#Article","mainEntityOfPage":"https:\/\/www.moreel.cz\/je-globalni-oteplovani-prirozeny-proces\/","headline":"Je glob\u00e1ln\u00ed oteplov\u00e1n\u00ed p\u0159irozen\u00fd proces?","name":"Je glob\u00e1ln\u00ed oteplov\u00e1n\u00ed p\u0159irozen\u00fd proces?","description":"Jedn\u00edm z\u00a0t\u00e9mat, kter\u00e9 n\u00e1s dnes pom\u011brn\u011b dost tr\u00e1p\u00ed, jsou i glob\u00e1ln\u00ed zm\u011bny klimatu. To, \u017ee prob\u00edhaj\u00ed, ji\u017e nelze pop\u00edrat. Koneckonc\u016f jejich d\u016fsledky vid\u00edme po cel\u00e9m sv\u011bt\u011b, a to i v\u00a0na\u0161\u00ed zemi. V\u0161imnout si m\u016f\u017eeme nap\u0159\u00edklad toho, \u017ee jaro a podzim v\u00a0podstat\u011b zmizely, a extr\u00e9mn\u00ed projevy po\u010das\u00ed, jako jsou povodn\u011b \u010di torn\u00e1da, jsou mnohem \u010dast\u011bj\u0161\u00ed. Nelze [&hellip;]","datePublished":"2024-04-27","dateModified":"2024-04-27","author":{"@type":"Person","@id":"https:\/\/www.moreel.cz\/author\/#Person","name":"","url":"https:\/\/www.moreel.cz\/author\/","identifier":1,"image":{"@type":"ImageObject","@id":"https:\/\/secure.gravatar.com\/avatar\/13dbcc20b7c05fcb5c4a6b0bee5a7107a0aae9238a83a4088a42d170780b2eca?s=96&d=mm&r=g","url":"https:\/\/secure.gravatar.com\/avatar\/13dbcc20b7c05fcb5c4a6b0bee5a7107a0aae9238a83a4088a42d170780b2eca?s=96&d=mm&r=g","height":96,"width":96}},"publisher":{"@type":"Organization","name":"moreel.cz","logo":{"@type":"ImageObject","@id":"\/logo.png","url":"\/logo.png","width":600,"height":60}},"image":{"@type":"ImageObject","@id":"https:\/\/www.moreel.cz\/wp-content\/uploads\/globotep2_6.png","url":"https:\/\/www.moreel.cz\/wp-content\/uploads\/globotep2_6.png","height":0,"width":0},"url":"https:\/\/www.moreel.cz\/je-globalni-oteplovani-prirozeny-proces\/","about":["V\u011bda"],"wordCount":421,"articleBody":"Jedn\u00edm z\u00a0t\u00e9mat, kter\u00e9 n\u00e1s dnes pom\u011brn\u011b dost tr\u00e1p\u00ed, jsou i glob\u00e1ln\u00ed zm\u011bny klimatu. To, \u017ee prob\u00edhaj\u00ed, ji\u017e nelze pop\u00edrat. Koneckonc\u016f jejich d\u016fsledky vid\u00edme po cel\u00e9m sv\u011bt\u011b, a to i v\u00a0na\u0161\u00ed zemi. V\u0161imnout si m\u016f\u017eeme nap\u0159\u00edklad toho, \u017ee jaro a podzim v\u00a0podstat\u011b zmizely, a extr\u00e9mn\u00ed projevy po\u010das\u00ed, jako jsou povodn\u011b \u010di torn\u00e1da, jsou mnohem \u010dast\u011bj\u0161\u00ed. Nelze tedy ji\u017e pop\u00edrat, \u017ee klima se m\u011bn\u00ed. Co v\u0161ak mnoho lid\u00ed mate, je to, do jak\u00e9 m\u00edry se na tomto procesu pod\u00edl\u00ed lid\u00e9.\u00a0Je toti\u017e pravdou, \u017ee klima se na na\u0161\u00ed planet\u011b m\u011bnilo ji\u017e od jej\u00edho vzniku, mnohdy i velmi drasticky. A neplatilo to pouze v\u00a0geologicky d\u00e1vn\u00fdch dob\u00e1ch, ale tak\u00e9 v\u00a0t\u011bch relativn\u011b ned\u00e1vn\u00fdch. Sta\u010d\u00ed k\u00a0tomu p\u0159ipomenout st\u0159\u00edd\u00e1n\u00ed dob ledov\u00fdch a meziledov\u00fdch. A to bylo v\u00a0dob\u011b, kdy lid\u00e9 byli nejv\u00fd\u0161e na \u00farovni lovc\u016f a sb\u011bra\u010d\u016f. Pro\u010d jsou tedy v\u011bdci p\u0159esv\u011bd\u010deni, \u017ee za ty, kter\u00e9 vid\u00edme dnes, mohou lid\u00e9?\u00a0\u00a0D\u016fkaz\u016f je hned n\u011bkolik. T\u00edm hlavn\u00edm je korelace za\u010d\u00e1tku pr\u016fmyslov\u00e9 revoluce, kdy se za\u010dala hojn\u011b spalovat fosiln\u00ed paliva, a n\u00e1r\u016fstem oxidu uhli\u010dit\u00e9ho v\u00a0atmosf\u00e9\u0159e. Pr\u00e1v\u011b oxid uhli\u010dit\u00fd toti\u017e pat\u0159\u00ed k\u00a0nejsiln\u011bj\u0161\u00edm sklen\u00edkov\u00fdm plyn\u016fm. Jist\u011b, co se \u010dir\u00e9 s\u00edly t\u00fd\u010de, existuj\u00ed i siln\u011bj\u0161\u00ed, nap\u0159\u00edklad metan. Probl\u00e9m s\u00a0oxidem uhli\u010dit\u00fdm je v\u0161ak ten, \u017ee se v\u00a0atmosf\u00e9\u0159e dr\u017e\u00ed skute\u010dn\u011b dlouho. Jeho mno\u017estv\u00ed tak neust\u00e1le nar\u016fst\u00e1.\u00a0\u00a0D\u00e1le je zde rychlost t\u011bchto zm\u011bn. Pr\u00e1v\u011b ta je t\u00edm nejv\u011bt\u0161\u00edm probl\u00e9mem. Prob\u00edhaj\u00ed toti\u017e mnohem rychleji, ne\u017e pokud by se jednalo o p\u0159irozen\u00fd proces. To v\u0161ak znamen\u00e1, \u017ee p\u0159\u00edroda, a\u0165 u\u017e rostliny \u010di \u017eivo\u010dichov\u00e9, nemaj\u00ed dostatek \u010dasu se m\u011bn\u00edc\u00edm podm\u00ednk\u00e1m p\u0159izp\u016fsobit.\u00a0M\u011bli bychom si tak\u00e9 uv\u011bdomit, \u017ee ka\u017ed\u00e1 zm\u011bna klimatu byla v\u017edy prov\u00e1zena velk\u00fdm vym\u00edr\u00e1n\u00edm, a \u010d\u00edm prud\u0161\u00ed byla, t\u00edm bylo toto vym\u00edr\u00e1n\u00ed hor\u0161\u00ed. A jeliko\u017e se dnes klima m\u011bn\u00ed mnohem rychleji, ne\u017e kdy v\u00a0historii, je jasn\u00e9, \u017ee i n\u00e1sledky budou velk\u00e9. A to nejen pro zbytek p\u0159\u00edrody, ale p\u0159edev\u0161\u00edm pro n\u00e1s.                                                                                                                                                                                                                                                                                                                                                                                                "},{"@context":"https:\/\/schema.org\/","@type":"BreadcrumbList","itemListElement":[{"@type":"ListItem","position":1,"name":"Je glob\u00e1ln\u00ed oteplov\u00e1n\u00ed p\u0159irozen\u00fd proces?","item":"https:\/\/www.moreel.cz\/je-globalni-oteplovani-prirozeny-proces\/#breadcrumbitem"}]}]