[{"@context":"https:\/\/schema.org\/","@type":"Article","@id":"https:\/\/www.moreel.cz\/deti-s-vami-rady-zajdou-na-neco-dobreho\/#Article","mainEntityOfPage":"https:\/\/www.moreel.cz\/deti-s-vami-rady-zajdou-na-neco-dobreho\/","headline":"D\u011bti s v\u00e1mi r\u00e1dy zajdou na n\u011bco dobr\u00e9ho","name":"D\u011bti s v\u00e1mi r\u00e1dy zajdou na n\u011bco dobr\u00e9ho","description":"Pokud m\u00e1te chu\u0165 na n\u011bco dobr\u00e9ho, jako je nap\u0159\u00edklad v\u00fdte\u010dn\u00fd z\u00e1kusek a dobr\u00e1 k\u00e1va, ur\u010dit\u011b se nemus\u00edte b\u00e1t toho, \u017ee by s v\u00e1mi va\u0161e d\u00edt\u011b ne\u0161lo. Jist\u011b nebude m\u00edt probl\u00e9m s v\u00e1mi n\u011bkam zaj\u00edt a to zejm\u00e9na, pokud u dan\u00e9 cukr\u00e1rny bude n\u011bjak\u00e9 d\u011btsk\u00e9 h\u0159i\u0161t\u011b, kde si dan\u00e9 d\u00edt\u011b bude moct hr\u00e1t. Je jasn\u00e9, \u017ee [&hellip;]","datePublished":"2022-12-28","dateModified":"2023-05-03","author":{"@type":"Person","@id":"https:\/\/www.moreel.cz\/author\/#Person","name":"","url":"https:\/\/www.moreel.cz\/author\/","identifier":1,"image":{"@type":"ImageObject","@id":"https:\/\/secure.gravatar.com\/avatar\/13dbcc20b7c05fcb5c4a6b0bee5a7107a0aae9238a83a4088a42d170780b2eca?s=96&d=mm&r=g","url":"https:\/\/secure.gravatar.com\/avatar\/13dbcc20b7c05fcb5c4a6b0bee5a7107a0aae9238a83a4088a42d170780b2eca?s=96&d=mm&r=g","height":96,"width":96}},"publisher":{"@type":"Organization","name":"moreel.cz","logo":{"@type":"ImageObject","@id":"\/logo.png","url":"\/logo.png","width":600,"height":60}},"image":{"@type":"ImageObject","@id":"https:\/\/www.moreel.cz\/wp-content\/uploads\/di_7.JPG","url":"https:\/\/www.moreel.cz\/wp-content\/uploads\/di_7.JPG","height":0,"width":0},"url":"https:\/\/www.moreel.cz\/deti-s-vami-rady-zajdou-na-neco-dobreho\/","about":["D\u011bti"],"wordCount":481,"articleBody":"Pokud m\u00e1te chu\u0165 na n\u011bco dobr\u00e9ho, jako je nap\u0159\u00edklad v\u00fdte\u010dn\u00fd z\u00e1kusek a dobr\u00e1 k\u00e1va, ur\u010dit\u011b se nemus\u00edte b\u00e1t toho, \u017ee by s v\u00e1mi va\u0161e d\u00edt\u011b ne\u0161lo. Jist\u011b nebude m\u00edt probl\u00e9m s v\u00e1mi n\u011bkam zaj\u00edt a to zejm\u00e9na, pokud u dan\u00e9 cukr\u00e1rny bude n\u011bjak\u00e9 d\u011btsk\u00e9 h\u0159i\u0161t\u011b, kde si dan\u00e9 d\u00edt\u011b bude moct hr\u00e1t. Je jasn\u00e9, \u017ee pokud je dan\u00e9 d\u00edt\u011b mal\u00e9, m\u016f\u017ee to b\u00fdt slo\u017eit\u011bj\u0161\u00ed, ale kolikr\u00e1t nen\u00ed probl\u00e9m d\u00e1t d\u00edt\u011b do seda\u010dky a n\u00e1sledn\u011b do auta nebo do ko\u010d\u00e1rku a zaj\u00edt na n\u011bco dobr\u00e9ho.Pokud bude d\u00edt\u011b v\u011bt\u0161\u00ed, ur\u010dit\u011b ocen\u00ed, \u017ee nebudete sed\u011bt doma a \u017ee p\u016fjdete na n\u011bjak\u00e9 to h\u0159i\u0161t\u011b, kde si bude moct hr\u00e1t a vy si budete moct v klidu vychutnat n\u011bco dobr\u00e9ho. Je jasn\u00e9, \u017ee je nejlep\u0161\u00ed je, pokud s v\u00e1mi na dan\u00e9 h\u0159i\u0161t\u011b je\u0161t\u011b n\u011bkdo p\u016fjde a je jedno, jestli to bude va\u0161e maminka, sestra nebo kamar\u00e1dka. N\u011bkdy ale m\u016f\u017ee b\u00fdt t\u011b\u017ek\u00e9 se s n\u011bk\u00fdm domluvit a to vzhledem k tomu, pokud dan\u00ed lid\u00e9 ka\u017ed\u00fd den pracuj\u00ed.Je mnohem lep\u0161\u00ed, pokud dan\u00e9 d\u00edt\u011b hl\u00edd\u00e1 daleko v\u00edce o\u010d\u00ed, ne\u017e jen dv\u011b, ale n\u011bkdy to bohu\u017eel jinak za\u0159\u00eddit nejde a tak je vhodn\u00e9 sednout si alespo\u0148 tak, a\u0165 na dan\u00e9 d\u00edt\u011b vid\u00edte a m\u00e1te jej pod kontrolou. Uvid\u00edte, \u017ee na konec nebyl tak \u0161patn\u00fd n\u00e1pad si n\u011bkam vyrazit a to zejm\u00e9na, pokud zrovna bylo venku hezky. Je mo\u017en\u00e9, \u017ee se dokonce s n\u011bk\u00fdm sp\u0159\u00e1tel\u00edte a z\u00edsk\u00e1te tak nov\u00e9 kamar\u00e1dky.Je mo\u017en\u00e9, \u017ee va\u0161e d\u00edt\u011b takov\u00fd v\u00fdlet unav\u00ed a na konec v\u00e1m je\u0161t\u011b odpoledne i usne, tak\u017ee budete m\u00edt dost \u010dasu na to, abyste ud\u011blali dom\u00e1c\u00ed pr\u00e1ce. Mnoho \u017een n\u011bco takov\u00e9ho ocen\u00ed.Je spousta v\u011bc\u00ed, kter\u00e9 dok\u00e1\u017e\u00ed d\u00edt\u011b unavit a to v\u010detn\u011b hran\u00ed si na h\u0159i\u0161ti. Uvid\u00edte, \u017ee na h\u0159i\u0161t\u011b bude va\u0161e d\u00edt\u011b chodit velmi r\u00e1do, ale je pravda, \u017ee ani tady nen\u00ed dobr\u00e9 nech\u00e1vat d\u00edt\u011b bez dozoru, proto\u017ee by to mohlo dopadnout tak, \u017ee by si mohlo va\u0161e d\u00edt\u011b rozb\u00edt nap\u0159\u00edklad nos, co\u017e ide\u00e1ln\u00ed rozhodn\u011b nen\u00ed.Ur\u010dit\u011b se ale nebojte toho, \u017ee by va\u0161e d\u00edt\u011b m\u011blo probl\u00e9m s v\u00e1mi n\u011bkam j\u00edt. Jist\u011b to pro n\u011bj \u017e\u00e1dn\u00fd probl\u00e9m nebude a na konec bude je\u0161t\u011b r\u00e1do.                                                                                                                                                                                                                                                                                                                                                                                                "},{"@context":"https:\/\/schema.org\/","@type":"BreadcrumbList","itemListElement":[{"@type":"ListItem","position":1,"name":"D\u011bti s v\u00e1mi r\u00e1dy zajdou na n\u011bco dobr\u00e9ho","item":"https:\/\/www.moreel.cz\/deti-s-vami-rady-zajdou-na-neco-dobreho\/#breadcrumbitem"}]}]