[{"@context":"https:\/\/schema.org\/","@type":"Article","@id":"https:\/\/www.moreel.cz\/bez-bazenu-ani-ranu\/#Article","mainEntityOfPage":"https:\/\/www.moreel.cz\/bez-bazenu-ani-ranu\/","headline":"Bez baz\u00e9nu ani r\u00e1nu","name":"Bez baz\u00e9nu ani r\u00e1nu","description":"V\u0161ichni jsme \u010dekali na p\u0159\u00edchod l\u00e9ta a tepl\u00e9 slunn\u00e9 dny. Na dobu, kdy jsou dny del\u0161\u00ed ne\u017e noci a m\u016f\u017eeme tr\u00e1vit ve\u0161ker\u00fd \u010das venku a v\u011bnovat se obl\u00edben\u00fdm aktivit\u00e1m. Kdo z n\u00e1s by nem\u011bl r\u00e1d tepl\u00ed\u010dko, letn\u00ed koup\u00e1n\u00ed, grilov\u00e1n\u00ed a posezen\u00ed s p\u0159\u00e1teli! Za\u010d\u00edn\u00e1 n\u00e1m obdob\u00ed dovolen\u00fdch, kdy si pl\u00e1nujeme odpo\u010dinout, vy\u010distit hlavu, u\u017e\u00edt si [&hellip;]","datePublished":"2023-06-19","dateModified":"2023-07-19","author":{"@type":"Person","@id":"https:\/\/www.moreel.cz\/author\/#Person","name":"","url":"https:\/\/www.moreel.cz\/author\/","identifier":1,"image":{"@type":"ImageObject","@id":"https:\/\/secure.gravatar.com\/avatar\/13dbcc20b7c05fcb5c4a6b0bee5a7107a0aae9238a83a4088a42d170780b2eca?s=96&d=mm&r=g","url":"https:\/\/secure.gravatar.com\/avatar\/13dbcc20b7c05fcb5c4a6b0bee5a7107a0aae9238a83a4088a42d170780b2eca?s=96&d=mm&r=g","height":96,"width":96}},"publisher":{"@type":"Organization","name":"moreel.cz","logo":{"@type":"ImageObject","@id":"\/logo.png","url":"\/logo.png","width":600,"height":60}},"image":{"@type":"ImageObject","@id":"https:\/\/www.moreel.cz\/wp-content\/uploads\/kid-1401157_640_4.jpg","url":"https:\/\/www.moreel.cz\/wp-content\/uploads\/kid-1401157_640_4.jpg","height":0,"width":0},"url":"https:\/\/www.moreel.cz\/bez-bazenu-ani-ranu\/","about":["Zbo\u017e\u00ed"],"wordCount":489,"articleBody":"      V\u0161ichni jsme \u010dekali na p\u0159\u00edchod l\u00e9ta a tepl\u00e9 slunn\u00e9 dny. Na dobu, kdy jsou dny del\u0161\u00ed ne\u017e noci a m\u016f\u017eeme tr\u00e1vit ve\u0161ker\u00fd \u010das venku a v\u011bnovat se obl\u00edben\u00fdm aktivit\u00e1m. Kdo z n\u00e1s by nem\u011bl r\u00e1d tepl\u00ed\u010dko, letn\u00ed koup\u00e1n\u00ed, grilov\u00e1n\u00ed a posezen\u00ed s p\u0159\u00e1teli! Za\u010d\u00edn\u00e1 n\u00e1m obdob\u00ed dovolen\u00fdch, kdy si pl\u00e1nujeme odpo\u010dinout, vy\u010distit hlavu, u\u017e\u00edt si koup\u00e1n\u00ed a opalov\u00e1n\u00ed. Snad v\u0161ichni milujeme l\u00e9to str\u00e1ven\u00e9 u mo\u0159e. Ne ka\u017ed\u00e9mu se to letos po\u0161t\u011bst\u00ed. Mnoho lid\u00ed z\u016fst\u00e1v\u00e1 na l\u00e9to doma. Je tak d\u016fle\u017eit\u00e9 u\u017e\u00edt si l\u00e9to naplno a\u0165 jsme kde jsme! I doma si m\u016f\u017eeme uzp\u016fsobit podm\u00ednky tomu, abychom si u\u017eili letn\u00ed m\u011bs\u00edce co nejv\u00edce.V hork\u00fdch letn\u00edch dnech se chceme hlavn\u011b osv\u011b\u017eit a u\u017e\u00edt si trochu z\u00e1bavy. Hlavn\u011b d\u011bti ocen\u00ed pobyt ve vod\u011b a r\u016fzn\u00e9 radov\u00e1nky s t\u00edm spojen\u00e9. Nen\u00ed nad to zabudovat si na sv\u00e9 zahrad\u011b sv\u016fj baz\u00e9n! V l\u00e9t\u011b za n\u011bho bude vd\u011b\u010dn\u00e1 cel\u00e1 rodina. Nen\u00ed to dnes rozhodn\u011b nic drah\u00e9ho a nedostupn\u00e9ho. Nemus\u00edte si ani l\u00e1mat hlavu s jeho instalac\u00ed. V\u0161e za v\u00e1s vy\u0159e\u0161\u00ed firma, kter\u00e1 se postar\u00e1 o vykop\u00e1n\u00ed baz\u00e9nu a\u017e po cel\u00e9ho jeho zakomponov\u00e1n\u00ed. Na v\u00e1s u\u017e jen zb\u00fdv\u00e1 dob\u0159e se o baz\u00e9n starat, aby jeho voda z\u016fstala kvalitn\u00ed. To se m\u016f\u017ee zd\u00e1t na prvn\u00ed pohled docela n\u00e1ro\u010dn\u00e9, ale nen\u00ed to \u017e\u00e1dn\u00e1 v\u011bda. Je jen zapot\u0159eb\u00ed m\u00edt v\u0161e d\u016fkladn\u011b p\u0159ipraven\u00e9 a k dispozici pro pravideln\u00e9 \u010di\u0161t\u011bn\u00ed. Co tedy takov\u00fd baz\u00e9n obn\u00e1\u0161\u00ed a s \u010d\u00edm rozhodn\u011b po\u010d\u00edtat pro jeho pravideln\u00e9 u\u017e\u00edv\u00e1n\u00ed? V prvn\u00ed \u0159ad\u011b je to filtrace, a\u0165 u\u017e p\u00edskov\u00e1 nebo jin\u00e1 filtrace, kter\u00e1 se postar\u00e1 o to, aby byla va\u0161e voda st\u00e1le \u010dist\u00e1 a udr\u017eovan\u00e1. To ale nen\u00ed z \u00fadr\u017eby v\u0161e. Mus\u00edte se neust\u00e1le starat o jej\u00ed pH, abyste m\u011bli jistotu, \u017ee je voda kvalitn\u00ed a nez\u00e1vadn\u00e1 pro pobyt v n\u00ed. Nakonec sta\u010d\u00ed m\u00edt p\u0159i ruce v\u017edy s\u00ed\u0165ku, s n\u00ed\u017e m\u016f\u017eete jednodu\u0161e vyndat v\u011bt\u0161\u00ed ne\u017e\u00e1douc\u00ed nepo\u0159\u00e1dek. Pro dokonal\u00e9 vy\u010di\u0161t\u011bn\u00ed baz\u00e9nu jsou k dispozici i vysava\u010de, kter\u00e9 se rozhodn\u011b vyplat\u00ed m\u00edt. Nezbytnost\u00ed jsou ale tak\u00e9 baz\u00e9nov\u00e9 hadice, kter\u00e9 vyu\u017eijete pro p\u0159ipojen\u00ed v\u0161ech nezbytn\u00fdch p\u0159\u00edslu\u0161enstv\u00ed, jako je pr\u00e1v\u011b filtrace, oh\u0159ev vody \u010di vysava\u010d. Pokud si potrp\u00edte na teplou vodu, pak pro v\u00e1s bude nezbytnost\u00ed pr\u00e1v\u011b sol\u00e1rn\u00ed oh\u0159\u00edva\u010d, kter\u00fd vodu kr\u00e1sn\u011b a \u0161etrn\u011b oh\u0159eje.                                                                                                                                                                                                                                                                                                                                                                                                  "},{"@context":"https:\/\/schema.org\/","@type":"BreadcrumbList","itemListElement":[{"@type":"ListItem","position":1,"name":"Bez baz\u00e9nu ani r\u00e1nu","item":"https:\/\/www.moreel.cz\/bez-bazenu-ani-ranu\/#breadcrumbitem"}]}]