[{"@context":"https:\/\/schema.org\/","@type":"Article","@id":"https:\/\/www.moreel.cz\/a-co-barva\/#Article","mainEntityOfPage":"https:\/\/www.moreel.cz\/a-co-barva\/","headline":"A co barva?","name":"A co barva?","description":"U\u017e jste sladili ve va\u0161em interi\u00e9ru ka\u017edi\u010dk\u00fd detail, u\u017e jste v\u0161echno dot\u00e1hli do jednoho jedin\u00e9ho designov\u00e9ho celku, ale po\u0159\u00e1d m\u00e1te pocit, \u017ee by to cht\u011blo je\u0161t\u011b n\u011bco nav\u00edc? \u017de by se hodila je\u0161t\u011b n\u011bjak\u00e1 mali\u010dkost, n\u011bjak\u00e1 p\u0159idan\u00e1 hodnota, kter\u00e1 by va\u0161e d\u00edlo zakon\u010dila? A napadlo v\u00e1s, \u017ee by bylo mo\u017en\u00e9 u n\u00e1s zakoupit n\u00e1dhern\u00e9 n\u00e1bytkov\u00e9 [&hellip;]","datePublished":"2023-10-31","dateModified":"2023-10-31","author":{"@type":"Person","@id":"https:\/\/www.moreel.cz\/author\/#Person","name":"","url":"https:\/\/www.moreel.cz\/author\/","identifier":1,"image":{"@type":"ImageObject","@id":"https:\/\/secure.gravatar.com\/avatar\/13dbcc20b7c05fcb5c4a6b0bee5a7107a0aae9238a83a4088a42d170780b2eca?s=96&d=mm&r=g","url":"https:\/\/secure.gravatar.com\/avatar\/13dbcc20b7c05fcb5c4a6b0bee5a7107a0aae9238a83a4088a42d170780b2eca?s=96&d=mm&r=g","height":96,"width":96}},"publisher":{"@type":"Organization","name":"moreel.cz","logo":{"@type":"ImageObject","@id":"\/logo.png","url":"\/logo.png","width":600,"height":60}},"url":"https:\/\/www.moreel.cz\/a-co-barva\/","wordCount":261,"articleBody":"U\u017e jste sladili ve va\u0161em interi\u00e9ru ka\u017edi\u010dk\u00fd detail, u\u017e jste v\u0161echno dot\u00e1hli do jednoho jedin\u00e9ho designov\u00e9ho celku, ale po\u0159\u00e1d m\u00e1te pocit, \u017ee by to cht\u011blo je\u0161t\u011b n\u011bco nav\u00edc? \u017de by se hodila je\u0161t\u011b n\u011bjak\u00e1 mali\u010dkost, n\u011bjak\u00e1 p\u0159idan\u00e1 hodnota, kter\u00e1 by va\u0161e d\u00edlo zakon\u010dila? A napadlo v\u00e1s, \u017ee by bylo mo\u017en\u00e9 u n\u00e1s zakoupit n\u00e1dhern\u00e9 n\u00e1bytkov\u00e9 \u00fachytky? Nenapadlo? Tak to je velk\u00e1 \u0161koda, proto\u017ee u\u017e d\u00e1vno jste mohli m\u00edt ka\u017edou m\u00edstnost slad\u011bnou do jin\u00e9 barvy d\u00edky pestr\u00e9 nab\u00eddce na na\u0161ich str\u00e1nk\u00e1ch. Vyb\u00edrejte, kombinujte, objedn\u00e1vejte podle libosti! Budete m\u00edt jenom jeden jedin\u00fd probl\u00e9m, \u017ee se nebudete moci rozhodnout, kter\u00e9 jsou kr\u00e1sn\u011bj\u0161\u00ed! Jestli ty v\u00edce barevn\u00e9, nebo ty ve standardn\u00edm proveden\u00ed.Ka\u017ed\u00e9mu n\u011bco jin\u00e9hoP\u0159esn\u011b tak, ka\u017ed\u00e9mu se hod\u00ed \u00fapln\u011b n\u011bco jin\u00e9ho! Pokud m\u00e1te modern\u011bj\u0161\u00ed bydlen\u00ed, budete ho ur\u010dit\u011b \u0159e\u0161it jinak, ne\u017e star\u0161\u00ed prostory! Ale my v\u011b\u0159\u00edme, \u017ee m\u00e1te dobr\u00fd vkus, my v\u011b\u0159\u00edme ve va\u0161e schopnosti a snahu o zlep\u0161en\u00ed, tak\u017ee v\u011b\u0159\u00edme, \u017ee si nakonec po dlouh\u00e9m rozva\u017eov\u00e1n\u00ed na na\u0161em webu vyberete to prav\u00e9! A pokud ne? Nechte si poradit od rodiny, od zn\u00e1m\u00fdch, nechte je \u0159\u00edct jejich osobn\u00ed n\u00e1zor, dejte hlavy dohromady a v\u00fdsledek mus\u00ed b\u00fdt zaru\u010den!                                                                                                                                                                                                                                                                                                                                                                                                "},{"@context":"https:\/\/schema.org\/","@type":"BreadcrumbList","itemListElement":[{"@type":"ListItem","position":1,"name":"A co barva?","item":"https:\/\/www.moreel.cz\/a-co-barva\/#breadcrumbitem"}]}]